{"id":2701,"date":"2025-01-10T12:32:46","date_gmt":"2025-01-10T12:32:46","guid":{"rendered":"https:\/\/cosmoflag.com\/?p=2701"},"modified":"2025-06-08T19:35:46","modified_gmt":"2025-06-08T17:35:46","slug":"historia-da-bandeira-alema","status":"publish","type":"post","link":"https:\/\/cosmoflag.com\/pt\/historia-da-bandeira-alema\/","title":{"rendered":"Bandeira da Alemanha: Cores, significado, hist\u00f3ria, origem"},"content":{"rendered":"<p>A tricolor horizontal preta, vermelha e dourada que representa a Alemanha atual \u00e9 um poderoso emblema da identidade nacional, dos valores democr\u00e1ticos e da resili\u00eancia hist\u00f3rica. Esta bandeira distinta testemunhou a complexa transforma\u00e7\u00e3o do Estado alem\u00e3o ao longo de s\u00e9culos de turbul\u00eancia pol\u00edtica, revolu\u00e7\u00e3o, divis\u00e3o e, por fim, reunifica\u00e7\u00e3o. Ao contr\u00e1rio de muitas bandeiras nacionais com hist\u00f3rias relativamente simples, a tricolor da Alemanha reflecte o percurso exigente de uma na\u00e7\u00e3o rumo \u00e0 democracia e \u00e0 unidade, o que faz dela n\u00e3o s\u00f3 um s\u00edmbolo nacional, mas tamb\u00e9m uma cr\u00f3nica visual da evolu\u00e7\u00e3o pol\u00edtica alem\u00e3.<\/p>\n\n\n\n<div class=\"wp-block-greenshift-blocks-accordion gs-accordion gspb_accordion-id-gsbp-0ad3d5b\" id=\"gspb_accordion-id-gsbp-0ad3d5b\" >\n<div class=\"wp-block-greenshift-blocks-accordionitem gs-accordion-item gspb_accordionitem-gsbp-a610cd1 gsclose\" id=\"gspb_accordionitem-gsbp-a610cd1\" itemscope><div id=\"gs-trigger-gsbp-0ad3d5b-0\" class=\"gs-accordion-item__title\" aria-expanded=\"false\" role=\"button\" tabindex=\"0\" aria-controls=\"gspb-accordion-item-content-gsbp-a610cd1\"><div class=\"gs-accordion-item__heading\">\u00cdndice<\/div><meta itemprop=\"name\" content=\"Table of Contents\"\/><span class=\"iconfortoggle\"><svg class=\"\" style=\"display:inline-block;vertical-align:middle\" width=\"15\" height=\"15\" viewbox=\"0 0 896 1024\" xmlns=\"http:\/\/www.w3.org\/2000\/svg\"><path style=\"fill:#565D66\" d=\"M883.8 334.6l-39.6-39.6c-9.4-9.4-24.6-9.4-34 0l-362.2 361.4-362.2-361.4c-9.4-9.4-24.6-9.4-34 0l-39.6 39.6c-9.4 9.4-9.4 24.6 0 34l418.8 418.8c9.4 9.4 24.6 9.4 34 0l418.8-418.8c9.4-9.4 9.4-24.6 0-34z\"><\/path><\/svg><\/span><\/div><div aria-labelledby=\"gs-trigger-gsbp-0ad3d5b-0\" class=\"gs-accordion-item__content\" itemscope id=\"gspb-accordion-item-content-gsbp-a610cd1\" ><div class=\"gs-accordion-item__text\" itemprop=\"text\">\n<div class=\"wp-block-greenshift-blocks-toc gs-toc gspb_toc-id-gsbp-766e0be\" id=\"gspb_toc-id-gsbp-766e0be\" itemscope itemtype=\"https:\/\/schema.org\/ItemList\"><div class=\"gs-autolist\"><div class=\"gs-autolist-item\" itemscope itemprop=\"itemListElement\" itemtype=\"https:\/\/schema.org\/ListItem\"><span class=\"gs-autolist-number\">1<\/span><span class=\"gs-autolist-title\"><meta itemprop=\"name\" content=\"Quick Summary\"\/><a class=\"gs-scrollto\" href=\"#quick-summary-1\">Resumo r\u00e1pido<\/a><\/span><\/div><div class=\"gs-autolist-item\" itemscope itemprop=\"itemListElement\" itemtype=\"https:\/\/schema.org\/ListItem\"><span class=\"gs-autolist-number\">2<\/span><span class=\"gs-autolist-title\"><meta itemprop=\"name\" content=\"Medieval Origins of the German Colors\"\/><a class=\"gs-scrollto\" href=\"#medieval-origins-of-the-german-colors\">Origens medievais das cores alem\u00e3s<\/a><\/span><\/div><div class=\"gs-autolist-item\" itemscope itemprop=\"itemListElement\" itemtype=\"https:\/\/schema.org\/ListItem\"><span class=\"gs-autolist-number\">3<\/span><span class=\"gs-autolist-title\"><meta itemprop=\"name\" content=\"Revolutionary Beginnings (1815-1848)\"\/><a class=\"gs-scrollto\" href=\"#revolutionary-beginnings-1815-1848\">In\u00edcio da Revolu\u00e7\u00e3o (1815-1848)<\/a><\/span><\/div><div class=\"gs-autolist-item\" itemscope itemprop=\"itemListElement\" itemtype=\"https:\/\/schema.org\/ListItem\"><span class=\"gs-autolist-number\">4<\/span><span class=\"gs-autolist-title\"><meta itemprop=\"name\" content=\"Imperial Era (1871-1918)\"\/><a class=\"gs-scrollto\" href=\"#imperial-era-1871-1918\">Era Imperial (1871-1918)<\/a><\/span><\/div><div class=\"gs-autolist-item\" itemscope itemprop=\"itemListElement\" itemtype=\"https:\/\/schema.org\/ListItem\"><span class=\"gs-autolist-number\">5<\/span><span class=\"gs-autolist-title\"><meta itemprop=\"name\" content=\"Weimar Republic (1919-1933)\"\/><a class=\"gs-scrollto\" href=\"#weimar-republic-1919-1933\">Rep\u00fablica de Weimar (1919-1933)<\/a><\/span><\/div><div class=\"gs-autolist-item\" itemscope itemprop=\"itemListElement\" itemtype=\"https:\/\/schema.org\/ListItem\"><span class=\"gs-autolist-number\">6<\/span><span class=\"gs-autolist-title\"><meta itemprop=\"name\" content=\"The Nazi Period (1933-1945)\"\/><a class=\"gs-scrollto\" href=\"#the-nazi-period-1933-1945\">O per\u00edodo nazi (1933-1945)<\/a><\/span><\/div><div class=\"gs-autolist-item\" itemscope itemprop=\"itemListElement\" itemtype=\"https:\/\/schema.org\/ListItem\"><span class=\"gs-autolist-number\">7<\/span><span class=\"gs-autolist-title\"><meta itemprop=\"name\" content=\"Post-War Division (1945-1990)\"\/><a class=\"gs-scrollto\" href=\"#post-war-division-1945-1990\">Divis\u00e3o p\u00f3s-guerra (1945-1990)<\/a><\/span><\/div><div class=\"gs-autolist-item\" itemscope itemprop=\"itemListElement\" itemtype=\"https:\/\/schema.org\/ListItem\"><span class=\"gs-autolist-number\">8<\/span><span class=\"gs-autolist-title\"><meta itemprop=\"name\" content=\"Reunification and Modern Era (1990-Present)\"\/><a class=\"gs-scrollto\" href=\"#reunification-and-modern-era-1990-present\">Reunifica\u00e7\u00e3o e Era Moderna (1990-presente)<\/a><\/span><\/div><div class=\"gs-autolist-item\" itemscope itemprop=\"itemListElement\" itemtype=\"https:\/\/schema.org\/ListItem\"><span class=\"gs-autolist-number\">9<\/span><span class=\"gs-autolist-title\"><meta itemprop=\"name\" content=\"Design and Specifications\"\/><a class=\"gs-scrollto\" href=\"#design-and-specifications\">Conce\u00e7\u00e3o e especifica\u00e7\u00f5es<\/a><\/span><\/div><\/div><\/div>\n<\/div><\/div><\/div>\n<\/div>\n\n\n\n<div class=\"wp-block-greenshift-blocks-container gspb_container gspb_container-gsbp-7a25250\" id=\"gspb_container-id-gsbp-7a25250\">\n<h2 class=\"wp-block-heading\" id=\"quick-summary-1\">Resumo r\u00e1pido<\/h2>\n\n\n\n<p>A bandeira alem\u00e3, com faixas horizontais de preto, vermelho e dourado, \u00e9 um s\u00edmbolo poderoso do complexo percurso pol\u00edtico da Alemanha. As suas origens remontam aos movimentos estudantis do in\u00edcio do s\u00e9culo XIX, que surgiram ap\u00f3s as guerras napole\u00f3nicas, procurando a unidade alem\u00e3 e reformas liberais contra principados fragmentados.<\/p>\n\n\n\n<p>As cores ganharam um significado revolucion\u00e1rio durante as revoltas democr\u00e1ticas de 1848, quando o Parlamento de Frankfurt as adoptou como a primeira bandeira nacional da Alemanha. O Imp\u00e9rio Alem\u00e3o de Bismarck rejeitou estas cores democr\u00e1ticas, estabelecendo o preto, o branco e o vermelho como cores imperiais que representavam o dom\u00ednio prussiano.<\/p>\n\n\n\n<p>Ap\u00f3s a Primeira Guerra Mundial, a Rep\u00fablica de Weimar restaurou a tricolor preta, vermelha e dourada, enquanto a Alemanha abra\u00e7ava a democracia. Este s\u00edmbolo democr\u00e1tico foi posteriormente banido pelo regime nazi, que imp\u00f4s a bandeira da su\u00e1stica como \u00fanico emblema nacional de 1935 a 1945.<\/p>\n\n\n\n<p>A divis\u00e3o da Alemanha no p\u00f3s-guerra criou uma situa\u00e7\u00e3o \u00fanica em que tanto o Leste como o Oeste reivindicavam as mesmas cores hist\u00f3ricas. A Alemanha Ocidental adoptou a tricolor simples, enquanto a Alemanha Oriental acrescentou um emblema comunista para distinguir a sua bandeira. Esta divis\u00e3o visual durou at\u00e9 \u00e0 reunifica\u00e7\u00e3o em 1990.<\/p>\n\n\n\n<p>A atual bandeira alem\u00e3 n\u00e3o representa carater\u00edsticas geogr\u00e1ficas, mas sim uma conquista pol\u00edtica - o triunfo dos valores democr\u00e1ticos ap\u00f3s s\u00e9culos de luta. As cores t\u00eam v\u00e1rios significados acumulados ao longo da hist\u00f3ria: o preto representa a determina\u00e7\u00e3o, o vermelho simboliza o sangue derramado pela liberdade e o dourado representa a luz e a prosperidade.<\/p>\n\n\n\n<p>Ao contr\u00e1rio de muitos s\u00edmbolos nacionais nascidos da vit\u00f3ria, a bandeira da Alemanha surgiu de repetidos fracassos democr\u00e1ticos antes do sucesso final. Esta hist\u00f3ria torna-a particularmente significativa como emblema do empenhamento da Alemanha moderna na democracia, na integra\u00e7\u00e3o europeia e na coopera\u00e7\u00e3o pac\u00edfica no seio da comunidade internacional.<\/p>\n<\/div>\n\n\n\n<div class=\"wp-block-greenshift-blocks-container gspb_container gspb_container-gsbp-11b6466\" id=\"gspb_container-id-gsbp-11b6466\"><a class=\"gspb-containerlink\" href=\"https:\/\/cosmoflag.com\/pt\/produto\/bandeira-de-franca\/\" rel=\"noopener\"><\/a>\n<div class=\"wp-block-greenshift-blocks-row gspb_row gspb_row-id-gsbp-be656f7 gspb_row--gutter-custom-0\" id=\"gspb_row-id-gsbp-be656f7\"><div class=\"gspb_row__content\"> \n<div class=\"wp-block-greenshift-blocks-row-column gspb_row__col--6 gspb_row__col--md-12 gspb_col-id-gsbp-cfd16a7\" id=\"gspb_col-id-gsbp-cfd16a7\">\n<div id=\"gspb_text-id-gsbp-c16c4dd\" class=\"gspb_text gspb_text-id-gsbp-c16c4dd\">Voe as cores da Alemanha com orgulho<\/div>\n\n\n\n<div id=\"gspb_text-id-gsbp-37f8b92\" class=\"gspb_text gspb_text-id-gsbp-37f8b92\">Mostre o seu apoio ou celebre a sua heran\u00e7a com as nossas bandeiras alem\u00e3s de alta qualidade.<\/div>\n\n\n\n<div class=\"gspb_button_wrapper gspb_button-id-gsbp-3887cf3\" id=\"gspb_button-id-gsbp-3887cf3\"><a class=\"wp-block-greenshift-blocks-buttonbox gspb-buttonbox wp-element-button\" href=\"https:\/\/cosmoflag.com\/pt\/produto\/bandeira-da-alemanha\/\" rel=\"noopener\"><span class=\"gspb-buttonbox-textwrap\"><span class=\"gspb-buttonbox-text\"><span class=\"gspb-buttonbox-title\">Encomendar agora<\/span><\/span><span class=\"gspb-buttonbox-icon\"><svg xmlns=\"http:\/\/www.w3.org\/2000\/svg\" style=\"width:5rem;height:5rem;margin:10px\" viewbox=\"0 0 24 24\"><path fill-rule=\"evenodd\" d=\"M24 0v22.78h-2.87V4.9L2.03 24 0 21.97l19.1-19.1H1.26V0H24Z\"><\/path><\/svg><\/span><\/span><\/a><\/div>\n<\/div>\n\n\n\n<div class=\"wp-block-greenshift-blocks-row-column gspb_row__col--6 gspb_row__col--md-12 gspb_col-id-gsbp-13b47e2\" id=\"gspb_col-id-gsbp-13b47e2\">\n<div class=\"wp-block-greenshift-blocks-image gspb_image gspb_image-id-gsbp-cbf891e\" id=\"gspb_image-id-gsbp-cbf891e\"><a href=\"https:\/\/cosmoflag.com\/pt\/produto\/bandeira-da-alemanha\/\" ><img decoding=\"async\" src=\"https:\/\/cosmoflag.com\/wp-content\/uploads\/2024\/12\/Germany-Flag.jpg\" data-src=\"\" alt=\"Bandeira da Alemanha\" loading=\"lazy\" width=\"800\" height=\"800\"\/><\/a><\/div>\n<\/div>\n <\/div><\/div>\n<\/div>\n\n\n\n<h2 class=\"wp-block-heading\" id=\"medieval-origins-of-the-german-colors\">Origens medievais das cores alem\u00e3s<\/h2>\n\n\n\n<h3 class=\"wp-block-heading\" id=\"the-holy-roman-empire-connection\">A liga\u00e7\u00e3o com o Sacro Imp\u00e9rio Romano-Germ\u00e2nico<\/h3>\n\n\n\n<p>As origens da combina\u00e7\u00e3o de cores preto, vermelho e dourado da Alemanha h\u00e1 muito que s\u00e3o objeto de debate entre historiadores e vexil\u00f3logos. Embora seja comummente associada ao Sacro Imp\u00e9rio Romano-Germ\u00e2nico, esta liga\u00e7\u00e3o requer uma compreens\u00e3o matizada. O estandarte imperial apresentava, de facto, uma \u00e1guia preta com garras e bico vermelhos sobre um fundo dourado, fornecendo uma potencial fonte inicial para estas cores distintas. No entanto, a combina\u00e7\u00e3o deliberada destas tr\u00eas cores como s\u00edmbolo nacional unificado surgiria muito mais tarde na hist\u00f3ria alem\u00e3.<\/p>\n\n\n\n<h3 class=\"wp-block-heading\" id=\"early-uses-of-these-colors\">Primeiras utiliza\u00e7\u00f5es destas cores<\/h3>\n\n\n\n<p>Durante o per\u00edodo medieval, estas cores apareceram separadamente em v\u00e1rios territ\u00f3rios e principados alem\u00e3es. As cidades livres imperiais e muitos estandartes regionais incorporavam elementos de preto e dourado, particularmente atrav\u00e9s do motivo da \u00e1guia imperial. O vermelho aparecia frequentemente nos desenhos her\u00e1ldicos de v\u00e1rias casas nobres alem\u00e3s. Embora presentes individualmente em toda a tradi\u00e7\u00e3o her\u00e1ldica alem\u00e3, estas cores n\u00e3o constitu\u00edam um arranjo tricolor reconhecido ou um s\u00edmbolo nacional durante esta \u00e9poca.<\/p>\n\n\n\n<h3 class=\"wp-block-heading\" id=\"symbolic-meanings\">Significados simb\u00f3licos<\/h3>\n\n\n\n<p>O significado simb\u00f3lico atribu\u00eddo a estas cores evoluiu consideravelmente ao longo do tempo. Na tradi\u00e7\u00e3o her\u00e1ldica primitiva, o dourado representava a nobreza, a prosperidade e a autoridade imperial. O preto significava for\u00e7a e determina\u00e7\u00e3o, enquanto o vermelho simbolizava geralmente bravura e derramamento de sangue. Estes significados transformaram-se \u00e0 medida que as cores ganharam significado pol\u00edtico nos s\u00e9culos posteriores, mas as suas ra\u00edzes no simbolismo medieval forneceram uma base para a sua posterior ado\u00e7\u00e3o como cores nacionais.<\/p>\n\n\n\n<p>A transi\u00e7\u00e3o da her\u00e1ldica medieval para o simbolismo nacional moderno exigiria uma profunda mudan\u00e7a pol\u00edtica. S\u00f3 no in\u00edcio do s\u00e9culo XIX, no meio de um sentimento nacionalista crescente e de ideais revolucion\u00e1rios, \u00e9 que estas cores se transformariam num s\u00edmbolo pol\u00edtico deliberado. A hist\u00f3ria de como as fraternidades estudantis e os movimentos revolucion\u00e1rios adoptaram estas cores marca o in\u00edcio da hist\u00f3ria moderna da bandeira alem\u00e3.<\/p>\n\n\n\n<p>Para os entusiastas da hist\u00f3ria interessados em exibir representa\u00e7\u00f5es aut\u00eanticas das bandeiras hist\u00f3ricas da Alemanha, incluindo reprodu\u00e7\u00f5es de estandartes imperiais medievais com estes elementos de cor originais, a cole\u00e7\u00e3o Cosmoflag oferece r\u00e9plicas com qualidade de museu, criadas com precis\u00e3o hist\u00f3rica e materiais de primeira qualidade.<\/p>\n\n\n\n<div class=\"wp-block-greenshift-blocks-container gspb_container gspb_container-gsbp-9e29c38\" id=\"gspb_container-id-gsbp-9e29c38\"><a class=\"gspb-containerlink\" href=\"https:\/\/cosmoflag.com\/pt\/produto\/bandeira-de-franca\/\" rel=\"noopener\"><\/a>\n<div class=\"wp-block-greenshift-blocks-row gspb_row gspb_row-id-gsbp-490db93 gspb_row--gutter-custom-0\" id=\"gspb_row-id-gsbp-490db93\"><div class=\"gspb_row__content\"> \n<div class=\"wp-block-greenshift-blocks-row-column gspb_row__col--6 gspb_row__col--md-12 gspb_col-id-gsbp-aaae899\" id=\"gspb_col-id-gsbp-aaae899\">\n<div id=\"gspb_text-id-gsbp-27989d5\" class=\"gspb_text gspb_text-id-gsbp-27989d5\">Voe as cores da Alemanha com orgulho<\/div>\n\n\n\n<div id=\"gspb_text-id-gsbp-44d8d24\" class=\"gspb_text gspb_text-id-gsbp-44d8d24\">Mostre o seu apoio ou celebre a sua heran\u00e7a com as nossas bandeiras alem\u00e3s de alta qualidade.<\/div>\n\n\n\n<div class=\"gspb_button_wrapper gspb_button-id-gsbp-e8e2667\" id=\"gspb_button-id-gsbp-e8e2667\"><a class=\"wp-block-greenshift-blocks-buttonbox gspb-buttonbox wp-element-button\" href=\"https:\/\/cosmoflag.com\/pt\/produto\/bandeira-da-alemanha\/\" rel=\"noopener\"><span class=\"gspb-buttonbox-textwrap\"><span class=\"gspb-buttonbox-text\"><span class=\"gspb-buttonbox-title\">Encomendar agora<\/span><\/span><span class=\"gspb-buttonbox-icon\"><svg xmlns=\"http:\/\/www.w3.org\/2000\/svg\" style=\"width:5rem;height:5rem;margin:10px\" viewbox=\"0 0 24 24\"><path fill-rule=\"evenodd\" d=\"M24 0v22.78h-2.87V4.9L2.03 24 0 21.97l19.1-19.1H1.26V0H24Z\"><\/path><\/svg><\/span><\/span><\/a><\/div>\n<\/div>\n\n\n\n<div class=\"wp-block-greenshift-blocks-row-column gspb_row__col--6 gspb_row__col--md-12 gspb_col-id-gsbp-b75cd5a\" id=\"gspb_col-id-gsbp-b75cd5a\">\n<div class=\"wp-block-greenshift-blocks-image gspb_image gspb_image-id-gsbp-85568f5\" id=\"gspb_image-id-gsbp-85568f5\"><a href=\"https:\/\/cosmoflag.com\/pt\/produto\/bandeira-da-alemanha\/\" ><img decoding=\"async\" src=\"https:\/\/cosmoflag.com\/wp-content\/uploads\/2024\/12\/Germany-Flag.jpg\" data-src=\"\" alt=\"Bandeira da Alemanha\" loading=\"lazy\" width=\"800\" height=\"800\"\/><\/a><\/div>\n<\/div>\n <\/div><\/div>\n<\/div>\n\n\n\n<h2 class=\"wp-block-heading\" id=\"revolutionary-beginnings-1815-1848\">In\u00edcio da Revolu\u00e7\u00e3o (1815-1848)<\/h2>\n\n\n\n<h3 class=\"wp-block-heading\" id=\"student-fraternities-and-burschenschaften\">Fraternidades de estudantes e Burschenschaften<\/h3>\n\n\n\n<p>A combina\u00e7\u00e3o deliberada de preto, vermelho e dourado como s\u00edmbolo pol\u00edtico unificado surgiu do fervor patri\u00f3tico que se seguiu \u00e0s guerras napole\u00f3nicas. Em 1815, os estudantes universit\u00e1rios alem\u00e3es, muitos dos quais tinham lutado contra Napole\u00e3o, formaram fraternidades chamadas Burschenschaften na Universidade de Jena. Estas organiza\u00e7\u00f5es procuravam promover a unidade alem\u00e3 e as reformas liberais numa \u00e9poca em que a \u201cAlemanha\u201d existia apenas como um conjunto fragmentado de Estados independentes. A Urburschenschaft, o primeiro grupo estudantil deste g\u00e9nero, escolheu deliberadamente o preto, o vermelho e o dourado para a sua bandeira.<\/p>\n\n\n\n<p>Estas cores tinham um significado espec\u00edfico para os alunos: o preto representava a escurid\u00e3o da opress\u00e3o do passado, o vermelho simbolizava o derramamento de sangue na luta pela liberdade e o dourado representava a luz da liberdade que procuravam alcan\u00e7ar. A escolha reflectia tamb\u00e9m os uniformes do Corpo Livre de L\u00fctzow, uma for\u00e7a volunt\u00e1ria que tinha lutado contra Napole\u00e3o, que usava uniformes pretos com acabamentos vermelhos e bot\u00f5es dourados. Esta origem associava firmemente estas cores ao nacionalismo alem\u00e3o inicial e \u00e0s aspira\u00e7\u00f5es democr\u00e1ticas.<\/p>\n\n\n\n<h3 class=\"wp-block-heading\" id=\"the-hambach-festival-of-1832\">A Festa de Hambach de 1832<\/h3>\n\n\n\n<p>A tricolor preta, vermelha e dourada ganhou um significado pol\u00edtico mais alargado durante a Festa de Hambach de 1832, um evento fundamental nos primeiros movimentos democr\u00e1ticos alem\u00e3es. Cerca de 30.000 pessoas reuniram-se no Castelo de Hambach, na regi\u00e3o do Palatinado, para defender reformas pol\u00edticas, liberdades civis e a unifica\u00e7\u00e3o alem\u00e3. As bandeiras pretas, vermelhas e douradas dominaram o evento, transformando o que tinha sido principalmente um s\u00edmbolo estudantil num emblema amplamente reconhecido do nacionalismo liberal alem\u00e3o.<\/p>\n\n\n\n<p>Os participantes do festival exibiram orgulhosamente essas cores enquanto pediam uma rep\u00fablica alem\u00e3 unificada, liberdade de express\u00e3o e reformas pol\u00edticas. Este encontro representou uma das primeiras manifesta\u00e7\u00f5es pol\u00edticas de massas da hist\u00f3ria alem\u00e3 e o papel proeminente da tricolor cimentou o seu estatuto de bandeira do nacionalismo progressista alem\u00e3o. Depois de Hambach, as autoridades de muitos estados alem\u00e3es proibiram a exibi\u00e7\u00e3o destas cores, reconhecendo o seu potencial revolucion\u00e1rio.<\/p>\n\n\n\n<h3 class=\"wp-block-heading\" id=\"march-revolution-of-1848\">Revolu\u00e7\u00e3o de mar\u00e7o de 1848<\/h3>\n\n\n\n<p>A tricolor preta, vermelha e dourada atingiu o seu auge revolucion\u00e1rio durante os tumultuosos acontecimentos de 1848-49. \u00c0 medida que os movimentos revolucion\u00e1rios varriam a Europa, os alem\u00e3es erguiam-se para exigir a unidade nacional, a governa\u00e7\u00e3o constitucional e as liberdades civis. Em 18 de mar\u00e7o de 1848, os revolucion\u00e1rios em Berlim hastearam a bandeira preta, vermelha e dourada como seu s\u00edmbolo. Quando a revolu\u00e7\u00e3o se espalhou, o rec\u00e9m-formado Parlamento de Frankfurt, a primeira assembleia nacional democraticamente eleita da Alemanha, adoptou oficialmente estas cores como bandeira nacional.<\/p>\n\n\n\n<p>Este per\u00edodo representou a primeira vez que a tricolor preta, vermelha e dourada serviu como s\u00edmbolo nacional alem\u00e3o oficial. A bandeira foi hasteada orgulhosamente sobre a Paulskirche, em Frankfurt, onde os delegados debateram uma constitui\u00e7\u00e3o para uma Alemanha unificada e democr\u00e1tica. Embora a revolu\u00e7\u00e3o tenha acabado por falhar quando as for\u00e7as conservadoras recuperaram o controlo em 1849, a associa\u00e7\u00e3o entre estas cores e as aspira\u00e7\u00f5es democr\u00e1ticas alem\u00e3s ficou indelevelmente estabelecida na consci\u00eancia nacional.<\/p>\n\n\n\n<p>As bandeiras deste per\u00edodo revolucion\u00e1rio representam artefactos cruciais na heran\u00e7a democr\u00e1tica da Alemanha. Os coleccionadores de hist\u00f3ria e os entusiastas interessados nesta \u00e9poca crucial podem encontrar reprodu\u00e7\u00f5es fi\u00e9is da bandeira revolucion\u00e1ria de 1848 na nossa cole\u00e7\u00e3o Cosmoflag, cada uma delas criada para honrar este importante cap\u00edtulo do percurso da Alemanha rumo \u00e0 democracia e \u00e0 unidade.<\/p>\n\n\n\n<h2 class=\"wp-block-heading\" id=\"imperial-era-1871-1918\">Era Imperial (1871-1918)<\/h2>\n\n\n\n<h3 class=\"wp-block-heading\" id=\"the-black-white-and-red-flag\">A bandeira preta, branca e vermelha<\/h3>\n\n\n\n<p>Quando Otto von Bismarck conseguiu unificar a Alemanha sob a lideran\u00e7a prussiana em 1871, o rec\u00e9m-criado Imp\u00e9rio Alem\u00e3o rejeitou deliberadamente a tricolor preta, vermelha e dourada. Esta rejei\u00e7\u00e3o foi tanto pol\u00edtica como simb\u00f3lica. O novo governo imperial, dominado pela conservadora nobreza prussiana, via a tricolor democr\u00e1tica com desconfian\u00e7a devido \u00e0 sua associa\u00e7\u00e3o com movimentos revolucion\u00e1rios. Em vez disso, adoptaram uma tricolor horizontal de preto, branco e vermelho como bandeira nacional do Imp\u00e9rio Alem\u00e3o.<\/p>\n\n\n\n<p>Estas cores representavam uma combina\u00e7\u00e3o do preto e branco da Pr\u00fassia (o Estado dominante no novo imp\u00e9rio) e das cores vermelha e branca das cidades da Liga Hanse\u00e1tica. Esta escolha enfatizava a lideran\u00e7a prussiana, ao mesmo tempo que reconhecia os centros comerciais do norte que contribu\u00edam para a prosperidade alem\u00e3. A bandeira imperial simbolizava assim uma vis\u00e3o muito diferente da na\u00e7\u00e3o alem\u00e3: uma vis\u00e3o baseada na autoridade mon\u00e1rquica, nas proezas militares prussianas e na for\u00e7a comercial, em vez de princ\u00edpios democr\u00e1ticos.<\/p>\n\n\n\n<h3 class=\"wp-block-heading\" id=\"competing-national-identities\">Identidades nacionais concorrentes<\/h3>\n\n\n\n<p>Durante todo o per\u00edodo imperial, a Alemanha viveu uma tens\u00e3o entre vis\u00f5es concorrentes da identidade nacional. A bandeira oficial preta, branca e vermelha representava a conce\u00e7\u00e3o conservadora e mon\u00e1rquica da Alemanha, defendida pelas elites dirigentes. No entanto, as cores preta, vermelha e dourada nunca desapareceram completamente da vida pol\u00edtica alem\u00e3. Os movimentos progressistas e democr\u00e1ticos continuaram a utilizar estas cores como s\u00edmbolo de oposi\u00e7\u00e3o ao regime autorit\u00e1rio e como recorda\u00e7\u00e3o das aspira\u00e7\u00f5es democr\u00e1ticas n\u00e3o concretizadas.<\/p>\n\n\n\n<p>Este per\u00edodo da hist\u00f3ria alem\u00e3 testemunhou a institucionaliza\u00e7\u00e3o de s\u00edmbolos nacionais, com a bandeira imperial a aparecer em edif\u00edcios governamentais, navios de guerra e documentos oficiais. O governo promoveu as cores imperiais atrav\u00e9s da educa\u00e7\u00e3o, exibi\u00e7\u00f5es militares e celebra\u00e7\u00f5es p\u00fablicas, trabalhando para as estabelecer como o s\u00edmbolo aut\u00eantico da nacionalidade alem\u00e3. No entanto, a persist\u00eancia da tricolor alternativa reflectia divis\u00f5es mais profundas na sociedade alem\u00e3 sobre a natureza fundamental do Estado alem\u00e3o.<\/p>\n\n\n\n<h3 class=\"wp-block-heading\" id=\"symbolism-during-the-first-world-war\">Simbolismo durante a Primeira Guerra Mundial<\/h3>\n\n\n\n<p>A bandeira imperial adquiriu um significado acrescido durante a Primeira Guerra Mundial (1914-1918). \u00c0 medida que a Alemanha se mobilizava para a guerra total, a tricolor preta, branca e vermelha tornou-se um s\u00edmbolo de uni\u00e3o nacional e determina\u00e7\u00e3o militar. A bandeira apareceu em t\u00edtulos de guerra, cartazes de propaganda e recorda\u00e7\u00f5es patri\u00f3ticas. As unidades militares levavam as cores imperiais para a batalha e os civis exibiam a bandeira para demonstrar o seu apoio ao esfor\u00e7o de guerra.<\/p>\n\n\n\n<p>No entanto, \u00e0 medida que a guerra se arrastava e as condi\u00e7\u00f5es pioravam, a bandeira imperial representava cada vez mais um regime que estava a perder legitimidade. Os reveses militares, a escassez de alimentos e a repress\u00e3o pol\u00edtica minaram o apoio popular ao governo imperial. Em 1918, surgiram novamente movimentos revolucion\u00e1rios, muitas vezes com as cores preta, vermelha e dourada de uma tradi\u00e7\u00e3o alem\u00e3 alternativa. Quando o imp\u00e9rio entrou em colapso ap\u00f3s a derrota militar, a bandeira imperial caiu com ele, criando uma abertura para o regresso da tricolor democr\u00e1tica.<\/p>\n\n\n\n<div class=\"wp-block-greenshift-blocks-container gspb_container gspb_container-gsbp-729d340\" id=\"gspb_container-id-gsbp-729d340\"><a class=\"gspb-containerlink\" href=\"https:\/\/cosmoflag.com\/pt\/produto\/bandeira-de-franca\/\" rel=\"noopener\"><\/a>\n<div class=\"wp-block-greenshift-blocks-row gspb_row gspb_row-id-gsbp-7aca788 gspb_row--gutter-custom-0\" id=\"gspb_row-id-gsbp-7aca788\"><div class=\"gspb_row__content\"> \n<div class=\"wp-block-greenshift-blocks-row-column gspb_row__col--6 gspb_row__col--md-12 gspb_col-id-gsbp-1397e7d\" id=\"gspb_col-id-gsbp-1397e7d\">\n<div id=\"gspb_text-id-gsbp-179c696\" class=\"gspb_text gspb_text-id-gsbp-179c696\">Voe as cores da Alemanha com orgulho<\/div>\n\n\n\n<div id=\"gspb_text-id-gsbp-aacfab4\" class=\"gspb_text gspb_text-id-gsbp-aacfab4\">Mostre o seu apoio ou celebre a sua heran\u00e7a com as nossas bandeiras alem\u00e3s de alta qualidade.<\/div>\n\n\n\n<div class=\"gspb_button_wrapper gspb_button-id-gsbp-37fdd01\" id=\"gspb_button-id-gsbp-37fdd01\"><a class=\"wp-block-greenshift-blocks-buttonbox gspb-buttonbox wp-element-button\" href=\"https:\/\/cosmoflag.com\/pt\/produto\/bandeira-da-alemanha\/\" rel=\"noopener\"><span class=\"gspb-buttonbox-textwrap\"><span class=\"gspb-buttonbox-text\"><span class=\"gspb-buttonbox-title\">Encomendar agora<\/span><\/span><span class=\"gspb-buttonbox-icon\"><svg xmlns=\"http:\/\/www.w3.org\/2000\/svg\" style=\"width:5rem;height:5rem;margin:10px\" viewbox=\"0 0 24 24\"><path fill-rule=\"evenodd\" d=\"M24 0v22.78h-2.87V4.9L2.03 24 0 21.97l19.1-19.1H1.26V0H24Z\"><\/path><\/svg><\/span><\/span><\/a><\/div>\n<\/div>\n\n\n\n<div class=\"wp-block-greenshift-blocks-row-column gspb_row__col--6 gspb_row__col--md-12 gspb_col-id-gsbp-e1c3c0e\" id=\"gspb_col-id-gsbp-e1c3c0e\">\n<div class=\"wp-block-greenshift-blocks-image gspb_image gspb_image-id-gsbp-33ba456\" id=\"gspb_image-id-gsbp-33ba456\"><a href=\"https:\/\/cosmoflag.com\/pt\/produto\/bandeira-da-alemanha\/\" ><img decoding=\"async\" src=\"https:\/\/cosmoflag.com\/wp-content\/uploads\/2024\/12\/Germany-Flag.jpg\" data-src=\"\" alt=\"Bandeira da Alemanha\" loading=\"lazy\" width=\"800\" height=\"800\"\/><\/a><\/div>\n<\/div>\n <\/div><\/div>\n<\/div>\n\n\n\n<h2 class=\"wp-block-heading\" id=\"weimar-republic-1919-1933\">Rep\u00fablica de Weimar (1919-1933)<\/h2>\n\n\n\n<h3 class=\"wp-block-heading\" id=\"return-to-black-red-and-gold\">Regressar ao preto, vermelho e dourado<\/h3>\n\n\n\n<p>Ap\u00f3s o colapso do Imp\u00e9rio Alem\u00e3o e a abdica\u00e7\u00e3o do Kaiser Wilhelm II em novembro de 1918, a Alemanha entrou num per\u00edodo de profunda transforma\u00e7\u00e3o pol\u00edtica. O novo governo democr\u00e1tico, formado no meio de uma revolu\u00e7\u00e3o e agita\u00e7\u00e3o civil, procurou s\u00edmbolos que representassem uma clara rutura com o passado imperial. Neste contexto, a tricolor preta, vermelha e dourada ressurgiu como bandeira nacional, recuperando a sua posi\u00e7\u00e3o como emblema das aspira\u00e7\u00f5es democr\u00e1ticas alem\u00e3s.<\/p>\n\n\n\n<p>Esta escolha ligou deliberadamente a nova rep\u00fablica \u00e0s tradi\u00e7\u00f5es democr\u00e1ticas de 1848, enfatizando a continuidade com as lutas anteriores pela liberdade e unidade nacional. A Rep\u00fablica de Weimar, que recebeu o nome da cidade onde foi redigida a sua constitui\u00e7\u00e3o, adoptou oficialmente a tricolor horizontal preta, vermelha e dourada em 11 de agosto de 1919. Para muitos alem\u00e3es, especialmente os que tinham opini\u00f5es pol\u00edticas progressistas, este regresso \u00e0s cores democr\u00e1ticas tradicionais representava a esperan\u00e7a de uma nova era de governa\u00e7\u00e3o constitucional e de liberdades civis.<\/p>\n\n\n\n<h3 class=\"wp-block-heading\" id=\"constitutional-recognition\">Reconhecimento constitucional<\/h3>\n\n\n\n<p>A Constitui\u00e7\u00e3o de Weimar estabeleceu explicitamente o preto, o vermelho e o dourado como cores nacionais no artigo 3\u00ba, dando a estas cores prote\u00e7\u00e3o constitucional pela primeira vez na hist\u00f3ria alem\u00e3. A ado\u00e7\u00e3o oficial representou mais do que uma prefer\u00eancia est\u00e9tica; significou o compromisso da rep\u00fablica com os princ\u00edpios democr\u00e1ticos e a sua tentativa de criar uma nova identidade pol\u00edtica distinta do estado imperial autorit\u00e1rio.<\/p>\n\n\n\n<p>O governo trabalhou para promover a bandeira atrav\u00e9s de cerim\u00f3nias oficiais, educa\u00e7\u00e3o p\u00fablica e representa\u00e7\u00e3o diplom\u00e1tica. Pela primeira vez, estas cores representaram a Alemanha a n\u00edvel internacional, sobrevoando embaixadas e consulados em todo o mundo. O per\u00edodo de Weimar assistiu \u00e0 padroniza\u00e7\u00e3o das dimens\u00f5es da bandeira e das especifica\u00e7\u00f5es de cor, estabelecendo a tonalidade exacta de dourado (na realidade, um amarelo dourado) que continua a ser utilizada na bandeira alem\u00e3 moderna.<\/p>\n\n\n\n<h3 class=\"wp-block-heading\" id=\"political-controversies\">Controv\u00e9rsias pol\u00edticas<\/h3>\n\n\n\n<p>Apesar do seu estatuto oficial, a bandeira de Weimar nunca alcan\u00e7ou uma aceita\u00e7\u00e3o universal entre a popula\u00e7\u00e3o alem\u00e3. Muitos conservadores e nacionalistas continuaram a considerar o preto, o branco e o vermelho imperiais como as aut\u00eanticas cores nacionais. Organiza\u00e7\u00f5es de veteranos, grupos mon\u00e1rquicos e partidos pol\u00edticos de direita exibiam frequentemente a bandeira imperial como forma de protesto contra a rep\u00fablica. A marinha alem\u00e3 e a marinha mercante continuaram a utilizar ins\u00edgnias que incorporavam elementos das cores imperiais, reflectindo um compromisso no seio da institui\u00e7\u00e3o naval.<\/p>\n\n\n\n<p>Os grupos de extrema-direita, incluindo o emergente partido nazi, rejeitaram explicitamente a tricolor republicana, considerando-a um s\u00edmbolo de humilha\u00e7\u00e3o nacional na sequ\u00eancia da derrota da Alemanha na Primeira Guerra Mundial. Associavam o preto, o vermelho e o dourado ao que consideravam os \u201ccriminosos de novembro\u201d que tinham assinado o armist\u00edcio em 1918 e o Tratado de Versalhes em 1919. Esta polariza\u00e7\u00e3o em torno dos s\u00edmbolos nacionais reflectia as divis\u00f5es mais profundas da sociedade alem\u00e3 durante a era de Weimar.<\/p>\n\n\n\n<p>As controv\u00e9rsias sobre as bandeiras deste per\u00edodo revelam como os s\u00edmbolos nacionais podem tornar-se campos de batalha para vis\u00f5es concorrentes da identidade nacional. Enquanto a Rep\u00fablica de Weimar enfrentava a crise econ\u00f3mica, o extremismo pol\u00edtico e a crescente desilus\u00e3o durante o final da d\u00e9cada de 1920 e in\u00edcio da d\u00e9cada de 1930, o estatuto da bandeira nacional reflectia cada vez mais a posi\u00e7\u00e3o prec\u00e1ria da pr\u00f3pria democracia alem\u00e3. A tricolor preta, vermelha e dourada, embora legalmente estabelecida, continuou a ser contestada ao longo deste per\u00edodo turbulento da hist\u00f3ria alem\u00e3.<\/p>\n\n\n\n<h2 class=\"wp-block-heading\" id=\"the-nazi-period-1933-1945\">O per\u00edodo nazi (1933-1945)<\/h2>\n\n\n\n<h3 class=\"wp-block-heading\" id=\"abandonment-of-black-red-and-gold\">Abandono do preto, vermelho e dourado<\/h3>\n\n\n\n<p>Quando Adolf Hitler se tornou chanceler da Alemanha, a 30 de janeiro de 1933, o destino da bandeira de Weimar foi rapidamente selado. O regime nazi come\u00e7ou imediatamente a desmantelar as institui\u00e7\u00f5es e os s\u00edmbolos democr\u00e1ticos, incluindo a tricolor preta, vermelha e dourada que representava os valores republicanos. A 12 de mar\u00e7o de 1933, apenas seis semanas depois de ter tomado o poder e um dia ap\u00f3s as elei\u00e7\u00f5es de mar\u00e7o, Hitler emitiu um decreto que estabelecia duas bandeiras nacionais oficiais: a bandeira com a su\u00e1stica do partido nazi e a antiga tricolor imperial preta, branca e vermelha.<\/p>\n\n\n\n<p>Este decreto da bandeira dupla representou uma fase de transi\u00e7\u00e3o na consolida\u00e7\u00e3o do poder nazi. Ao reintroduzir as cores imperiais na bandeira do partido, os nazis apelaram aos nacionalistas conservadores enquanto se preparavam para um controlo ideol\u00f3gico completo. A combina\u00e7\u00e3o de preto, vermelho e dourado foi explicitamente rejeitada, com a propaganda nazi a retratar estas cores como s\u00edmbolos de fraqueza, decad\u00eancia democr\u00e1tica e trai\u00e7\u00e3o nacional. A exibi\u00e7\u00e3o da bandeira de Weimar tornou-se efetivamente criminalizada, com os cidad\u00e3os a enfrentarem a possibilidade de serem presos por mostrarem fidelidade \u00e0s cores republicanas.<\/p>\n\n\n\n<h3 class=\"wp-block-heading\" id=\"the-swastika-flag\">A bandeira da su\u00e1stica<\/h3>\n\n\n\n<p>Em 15 de setembro de 1935, no com\u00edcio do Partido Nazi em Nuremberga, o regime anunciou que a bandeira da su\u00e1stica passaria a ser a \u00fanica bandeira nacional da Alemanha. Esta bandeira apresentava uma su\u00e1stica preta sobre um fundo circular branco, centrada num campo vermelho. O desenho teve origem na bandeira do Partido Nacional Socialista dos Trabalhadores Alem\u00e3es (NSDAP) em 1920, criada pelo pr\u00f3prio Hitler de acordo com a mitologia nazi.<\/p>\n\n\n\n<p>As cores incorporavam elementos da tradi\u00e7\u00e3o da bandeira imperial, com o preto, o branco e o vermelho dispostos numa nova configura\u00e7\u00e3o. A ideologia nazi atribuiu um significado espec\u00edfico a estes elementos: o vermelho representava a ideia social do nazismo, o branco representava a ideologia nacionalista alem\u00e3 e a su\u00e1stica simbolizava a miss\u00e3o da \u201cra\u00e7a ariana\u201d. A bandeira tornou-se omnipresente em toda a sociedade alem\u00e3, sendo exibida em todos os edif\u00edcios governamentais, escolas e espa\u00e7os p\u00fablicos. Esperava-se que os cidad\u00e3os exibissem a bandeira durante os feriados nacionais e as celebra\u00e7\u00f5es nazis, tornando-a o s\u00edmbolo mais vis\u00edvel do Estado totalit\u00e1rio.<\/p>\n\n\n\n<h3 class=\"wp-block-heading\" id=\"suppression-of-democratic-symbols\">Supress\u00e3o de s\u00edmbolos democr\u00e1ticos<\/h3>\n\n\n\n<p>O regime nazi eliminou sistematicamente todas as refer\u00eancias visuais \u00e0s tradi\u00e7\u00f5es democr\u00e1ticas da Alemanha. As cores preta, vermelha e dourada desapareceram da vida p\u00fablica, sendo que a posse de tais objectos poderia levar a vigil\u00e2ncia, interrogat\u00f3rio ou pior. O regime reescreveu os manuais de hist\u00f3ria para minimizar ou denegrir os movimentos democr\u00e1ticos de 1848 e 1918, enfatizando em vez disso uma narrativa do destino nacional que culminou no dom\u00ednio nazi.<\/p>\n\n\n\n<p>Esta supress\u00e3o estendeu-se a todas as esferas da vida p\u00fablica, para al\u00e9m das bandeiras. O regime substituiu os emblemas do Estado democr\u00e1tico, redesenhou a moeda e os selos postais e criou novos feriados nacionais centrados na ideologia nazi. O governo realizou queimas p\u00fablicas de livros de obras consideradas incompat\u00edveis com a ideologia nazi, incluindo literatura associada a tradi\u00e7\u00f5es democr\u00e1ticas. Atrav\u00e9s destas ac\u00e7\u00f5es, o regime tentou apagar da consci\u00eancia p\u00fablica o legado visual da democracia alem\u00e3.<\/p>\n\n\n\n<p>O impacto psicol\u00f3gico desta transforma\u00e7\u00e3o visual n\u00e3o pode ser exagerado. Num per\u00edodo extremamente curto, a paisagem simb\u00f3lica da sociedade alem\u00e3 mudou completamente, refor\u00e7ando o monop\u00f3lio nazi do poder atrav\u00e9s de constantes recorda\u00e7\u00f5es visuais da autoridade do regime. Quando a Alemanha entrou na Segunda Guerra Mundial, em 1939, a bandeira com a su\u00e1stica passou a ser associada \u00e0 conquista militar, uma vez que as for\u00e7as alem\u00e3s a colocaram sobre os territ\u00f3rios ocupados em toda a Europa.<\/p>\n\n\n\n<div class=\"wp-block-greenshift-blocks-container gspb_container gspb_container-gsbp-bf98bd1\" id=\"gspb_container-id-gsbp-bf98bd1\"><a class=\"gspb-containerlink\" href=\"https:\/\/cosmoflag.com\/pt\/produto\/bandeira-de-franca\/\" rel=\"noopener\"><\/a>\n<div class=\"wp-block-greenshift-blocks-row gspb_row gspb_row-id-gsbp-828175b gspb_row--gutter-custom-0\" id=\"gspb_row-id-gsbp-828175b\"><div class=\"gspb_row__content\"> \n<div class=\"wp-block-greenshift-blocks-row-column gspb_row__col--6 gspb_row__col--md-12 gspb_col-id-gsbp-6cd4027\" id=\"gspb_col-id-gsbp-6cd4027\">\n<div id=\"gspb_text-id-gsbp-59d5c80\" class=\"gspb_text gspb_text-id-gsbp-59d5c80\">Voe as cores da Alemanha com orgulho<\/div>\n\n\n\n<div id=\"gspb_text-id-gsbp-21deaca\" class=\"gspb_text gspb_text-id-gsbp-21deaca\">Mostre o seu apoio ou celebre a sua heran\u00e7a com as nossas bandeiras alem\u00e3s de alta qualidade.<\/div>\n\n\n\n<div class=\"gspb_button_wrapper gspb_button-id-gsbp-af5a192\" id=\"gspb_button-id-gsbp-af5a192\"><a class=\"wp-block-greenshift-blocks-buttonbox gspb-buttonbox wp-element-button\" href=\"https:\/\/cosmoflag.com\/pt\/produto\/bandeira-da-alemanha\/\" rel=\"noopener\"><span class=\"gspb-buttonbox-textwrap\"><span class=\"gspb-buttonbox-text\"><span class=\"gspb-buttonbox-title\">Encomendar agora<\/span><\/span><span class=\"gspb-buttonbox-icon\"><svg xmlns=\"http:\/\/www.w3.org\/2000\/svg\" style=\"width:5rem;height:5rem;margin:10px\" viewbox=\"0 0 24 24\"><path fill-rule=\"evenodd\" d=\"M24 0v22.78h-2.87V4.9L2.03 24 0 21.97l19.1-19.1H1.26V0H24Z\"><\/path><\/svg><\/span><\/span><\/a><\/div>\n<\/div>\n\n\n\n<div class=\"wp-block-greenshift-blocks-row-column gspb_row__col--6 gspb_row__col--md-12 gspb_col-id-gsbp-3a421a0\" id=\"gspb_col-id-gsbp-3a421a0\">\n<div class=\"wp-block-greenshift-blocks-image gspb_image gspb_image-id-gsbp-fcc65a5\" id=\"gspb_image-id-gsbp-fcc65a5\"><a href=\"https:\/\/cosmoflag.com\/pt\/produto\/bandeira-da-alemanha\/\" ><img decoding=\"async\" src=\"https:\/\/cosmoflag.com\/wp-content\/uploads\/2024\/12\/Germany-Flag.jpg\" data-src=\"\" alt=\"Bandeira da Alemanha\" loading=\"lazy\" width=\"800\" height=\"800\"\/><\/a><\/div>\n<\/div>\n <\/div><\/div>\n<\/div>\n\n\n\n<h2 class=\"wp-block-heading\" id=\"post-war-division-1945-1990\">Divis\u00e3o p\u00f3s-guerra (1945-1990)<\/h2>\n\n\n\n<h3 class=\"wp-block-heading\" id=\"two-german-flags\">Duas bandeiras alem\u00e3s<\/h3>\n\n\n\n<p>Ap\u00f3s a derrota da Alemanha na Segunda Guerra Mundial e o colapso do regime nazi, o pa\u00eds enfrentou uma transforma\u00e7\u00e3o pol\u00edtica completa sob a ocupa\u00e7\u00e3o dos Aliados. A bandeira com a su\u00e1stica foi imediatamente proibida, criando um vazio simb\u00f3lico numa na\u00e7\u00e3o dividida em zonas de ocupa\u00e7\u00e3o. Com a intensifica\u00e7\u00e3o das tens\u00f5es da Guerra Fria, a Alemanha dividiu-se em dois Estados distintos: a Rep\u00fablica Federal da Alemanha (Alemanha Ocidental) em 1949 e a Rep\u00fablica Democr\u00e1tica Alem\u00e3 (Alemanha Oriental) pouco depois.<\/p>\n\n\n\n<p>Ambos os Estados alem\u00e3es adoptaram a tricolor preta, vermelha e dourada como bandeira nacional, recuperando estas cores das suas tradi\u00e7\u00f5es democr\u00e1ticas. Esta escolha partilhada reflectia as reivindica\u00e7\u00f5es concorrentes de legitimidade do Estado alem\u00e3o e da heran\u00e7a democr\u00e1tica. A Alemanha Ocidental adoptou a tricolor horizontal simples em 23 de maio de 1949, como parte da sua Lei Fundamental (Constitui\u00e7\u00e3o). A Alemanha de Leste come\u00e7ou por utilizar a mesma bandeira, mas rapidamente procurou distinguir-se visualmente da sua cong\u00e9nere ocidental.<\/p>\n\n\n\n<h3 class=\"wp-block-heading\" id=\"modifications-and-distinctions\">Modifica\u00e7\u00f5es e distin\u00e7\u00f5es<\/h3>\n\n\n\n<p>Em 1959, a Alemanha de Leste modificou a sua bandeira, acrescentando um bras\u00e3o de armas ao centro. Este emblema apresentava um martelo e um compasso rodeados por um anel de centeio, simbolizando a alian\u00e7a entre trabalhadores, intelectuais e agricultores no \u00e2mbito do socialismo. A adi\u00e7\u00e3o transformou o que eram bandeiras id\u00eanticas em s\u00edmbolos nacionais distintos, permitindo a identifica\u00e7\u00e3o visual imediata dos bens do Estado, documentos e representa\u00e7\u00f5es diplom\u00e1ticas da Alemanha de Leste.<\/p>\n\n\n\n<p>A Alemanha Ocidental manteve a tricolor sem adornos durante todo este per\u00edodo, ligando a sua identidade \u00e0s tradi\u00e7\u00f5es democr\u00e1ticas da Rep\u00fablica de Weimar e dos revolucion\u00e1rios de 1848. As autoridades da Alemanha Ocidental consideravam a sua vers\u00e3o a aut\u00eantica bandeira nacional, encarando a modifica\u00e7\u00e3o da Alemanha de Leste como uma apropria\u00e7\u00e3o ideol\u00f3gica. Esta posi\u00e7\u00e3o alinhava-se com a reivindica\u00e7\u00e3o mais alargada da Alemanha Ocidental de ser a \u00fanica representante leg\u00edtima do povo alem\u00e3o, uma posi\u00e7\u00e3o conhecida como a Doutrina Hallstein que dominou a pol\u00edtica externa da Alemanha Ocidental at\u00e9 ao in\u00edcio da d\u00e9cada de 1970.<\/p>\n\n\n\n<h3 class=\"wp-block-heading\" id=\"symbolic-meaning-during-the-cold-war\">Significado simb\u00f3lico durante a Guerra Fria<\/h3>\n\n\n\n<p>Durante a Guerra Fria, as duas bandeiras alem\u00e3s representaram vis\u00f5es concorrentes da identidade alem\u00e3 e da legitimidade pol\u00edtica. Para a Alemanha Ocidental, a tricolor inalterada simbolizava o compromisso com a democracia parlamentar, a liberdade individual e a integra\u00e7\u00e3o na Europa Ocidental e na NATO. A bandeira foi hasteada ao lado das dos aliados ocidentais e dos parceiros europeus, representando a posi\u00e7\u00e3o da Alemanha Ocidental no bloco democr\u00e1tico.<\/p>\n\n\n\n<p>Na Alemanha de Leste, a bandeira modificada representava o internacionalismo socialista, o alinhamento com a Uni\u00e3o Sovi\u00e9tica e aquilo que o governo descrevia como \u201co verdadeiro socialismo existente\u201d. O Estado promoveu a bandeira atrav\u00e9s de organiza\u00e7\u00f5es juvenis, celebra\u00e7\u00f5es p\u00fablicas e uma extensa propaganda que enfatizava o car\u00e1cter socialista da na\u00e7\u00e3o da Alemanha de Leste. A bandeira aparecia ao lado das de outros pa\u00edses do Pacto de Vars\u00f3via em fun\u00e7\u00f5es oficiais, competi\u00e7\u00f5es desportivas e eventos internacionais.<\/p>\n\n\n\n<p>Para os alem\u00e3es que viviam em ambos os lados da na\u00e7\u00e3o dividida, estas bandeiras tornaram-se recorda\u00e7\u00f5es quotidianas da divis\u00e3o nacional. Em eventos desportivos internacionais, o aparecimento de duas bandeiras alem\u00e3s refor\u00e7ava visualmente a realidade pol\u00edtica da separa\u00e7\u00e3o. As bandeiras apareciam nos postos fronteiri\u00e7os entre o Leste e o Oeste, simbolizando n\u00e3o s\u00f3 territ\u00f3rios diferentes, mas tamb\u00e9m sistemas pol\u00edticos e modos de vida divergentes.<\/p>\n\n\n\n<p>Com o passar dos anos, a bandeira modificada da Alemanha de Leste tornou-se menos um s\u00edmbolo de distin\u00e7\u00e3o ideol\u00f3gica e mais simplesmente o emblema nacional familiar para os cidad\u00e3os da RDA. Quando os alem\u00e3es de ambos os Estados se encontravam em eventos internacionais ou em raras visitas familiares, as bandeiras representavam a realidade tang\u00edvel de uma na\u00e7\u00e3o dividida contra o pano de fundo de um conflito ideol\u00f3gico global.<\/p>\n\n\n\n<h2 class=\"wp-block-heading\" id=\"reunification-and-modern-era-1990-present\">Reunifica\u00e7\u00e3o e Era Moderna (1990-presente)<\/h2>\n\n\n\n<h3 class=\"wp-block-heading\" id=\"restoration-of-the-united-flag\">Restaura\u00e7\u00e3o da Bandeira Unida<\/h3>\n\n\n\n<p>A queda do Muro de Berlim, em novembro de 1989, desencadeou uma r\u00e1pida sequ\u00eancia de acontecimentos que conduziram \u00e0 reunifica\u00e7\u00e3o alem\u00e3. Com o colapso do governo da Alemanha de Leste no meio de uma revolu\u00e7\u00e3o pac\u00edfica, as quest\u00f5es relativas aos s\u00edmbolos nacionais adquiriram um significado pr\u00e1tico imediato. Durante as manifesta\u00e7\u00f5es do final de 1989 e in\u00edcio de 1990, muitos manifestantes da Alemanha de Leste cortaram deliberadamente o emblema do Estado das suas bandeiras, criando uma poderosa declara\u00e7\u00e3o visual de rejei\u00e7\u00e3o do Estado socialista e de aceita\u00e7\u00e3o da unifica\u00e7\u00e3o segundo princ\u00edpios democr\u00e1ticos.<\/p>\n\n\n\n<p>Quando ocorreu a reunifica\u00e7\u00e3o formal, a 3 de outubro de 1990, a tricolor preta, vermelha e dourada, n\u00e3o modificada, tornou-se a bandeira nacional da Alemanha unida. Esta escolha representou tanto a continuidade com as institui\u00e7\u00f5es democr\u00e1ticas da Alemanha Ocidental como a reconex\u00e3o com as tradi\u00e7\u00f5es hist\u00f3ricas partilhadas de 1848 e 1919. A decis\u00e3o de manter a tricolor simples em vez de criar um novo desenho sublinhou que a reunifica\u00e7\u00e3o constitu\u00eda a ades\u00e3o dos territ\u00f3rios da Alemanha de Leste \u00e0 Rep\u00fablica Federal existente e n\u00e3o a cria\u00e7\u00e3o de um Estado inteiramente novo.<\/p>\n\n\n\n<h3 class=\"wp-block-heading\" id=\"legal-protection\">Prote\u00e7\u00e3o jur\u00eddica<\/h3>\n\n\n\n<p>A Alemanha unida manteve fortes protec\u00e7\u00f5es legais para os s\u00edmbolos nacionais estabelecidos ao abrigo da legisla\u00e7\u00e3o da Alemanha Ocidental. A bandeira recebeu um estatuto constitucional atrav\u00e9s do artigo 22\u00ba da Lei Fundamental, que afirma explicitamente: \u201cA bandeira federal \u00e9 preta, vermelha e dourada\u201d. A lei alem\u00e3 pro\u00edbe a desfigura\u00e7\u00e3o ou denegrimento dos s\u00edmbolos nacionais, com disposi\u00e7\u00f5es espec\u00edficas contra a sua utiliza\u00e7\u00e3o indevida. Estas protec\u00e7\u00f5es reflectem o empenho da Alemanha nas institui\u00e7\u00f5es democr\u00e1ticas e a consci\u00eancia da forma como os s\u00edmbolos nacionais foram manipulados durante o per\u00edodo nazi.<\/p>\n\n\n\n<p>Ap\u00f3s a reunifica\u00e7\u00e3o, a Alemanha tamb\u00e9m manteve proibi\u00e7\u00f5es rigorosas contra os s\u00edmbolos nazis, incluindo a bandeira com a su\u00e1stica. Ao contr\u00e1rio de alguns pa\u00edses onde a prote\u00e7\u00e3o da liberdade de express\u00e3o pode permitir tais exibi\u00e7\u00f5es, a lei alem\u00e3 criminaliza explicitamente a utiliza\u00e7\u00e3o p\u00fablica de s\u00edmbolos de organiza\u00e7\u00f5es proibidas. Esta abordagem reflecte o empenho da Alemanha em confrontar o seu passado dif\u00edcil, em vez de permitir o ressurgimento de ideologias potencialmente perigosas sob o pretexto de interesse hist\u00f3rico ou de liberdade de express\u00e3o.<\/p>\n\n\n\n<h3 class=\"wp-block-heading\" id=\"contemporary-significance\">Significado contempor\u00e2neo<\/h3>\n\n\n\n<p>A bandeira alem\u00e3 atual tem um significado complexo para os cidad\u00e3os da Rep\u00fablica reunificada. Para muitos alem\u00e3es, especialmente para aqueles que viveram a divis\u00e3o, a bandeira tricolor representa a conquista da unidade nacional e o triunfo dos valores democr\u00e1ticos ap\u00f3s d\u00e9cadas de separa\u00e7\u00e3o. A bandeira aparece com destaque durante as celebra\u00e7\u00f5es nacionais, nomeadamente no Dia da Unidade Alem\u00e3 (3 de outubro), que comemora a reunifica\u00e7\u00e3o.<\/p>\n\n\n\n<p>No entanto, a rela\u00e7\u00e3o da Alemanha com os s\u00edmbolos nacionais difere significativamente da de muitos outros pa\u00edses. Devido a associa\u00e7\u00f5es hist\u00f3ricas com o nacionalismo agressivo, particularmente durante o per\u00edodo nazi, os alem\u00e3es t\u00eam tradicionalmente mostrado mais conten\u00e7\u00e3o no uso da bandeira em compara\u00e7\u00e3o com pa\u00edses como os Estados Unidos ou a Fran\u00e7a. Esta situa\u00e7\u00e3o alterou-se um pouco durante o Campeonato do Mundo de Futebol da FIFA de 2006, realizado na Alemanha, quando muitos cidad\u00e3os adoptaram a exibi\u00e7\u00e3o da bandeira como express\u00e3o de uma identidade nacional mais descontra\u00edda e confiante no seio de uma Europa unificada.<\/p>\n\n\n\n<p>Hoje em dia, a tricolor preta, vermelha e dourada aparece de forma proeminente em edif\u00edcios governamentais, em cerim\u00f3nias oficiais e durante eventos desportivos internacionais. Representa uma Alemanha empenhada na integra\u00e7\u00e3o europeia, nos valores democr\u00e1ticos e na coopera\u00e7\u00e3o internacional. A bandeira simboliza n\u00e3o s\u00f3 a soberania nacional, mas tamb\u00e9m a transforma\u00e7\u00e3o da Alemanha de na\u00e7\u00e3o dividida e devastada pela guerra em Estado democr\u00e1tico unificado e pot\u00eancia econ\u00f3mica no seio da Uni\u00e3o Europeia.<\/p>\n\n\n\n<p>Para as gera\u00e7\u00f5es mais jovens, nascidas ap\u00f3s a reunifica\u00e7\u00e3o, a bandeira representa cada vez mais uma Alemanha definida pelo seu presente democr\u00e1tico e n\u00e3o pelo seu passado dividido. Embora conscientes das complexidades hist\u00f3ricas, muitos alem\u00e3es contempor\u00e2neos v\u00eaem as suas cores nacionais como s\u00edmbolos apropriados de uma rep\u00fablica bem sucedida e pac\u00edfica, integrada na comunidade europeia mais alargada.<\/p>\n\n\n\n<h2 class=\"wp-block-heading\" id=\"design-and-specifications\">Conce\u00e7\u00e3o e especifica\u00e7\u00f5es<\/h2>\n\n\n\n<h3 class=\"wp-block-heading\" id=\"official-colors-and-proportions\">Cores e propor\u00e7\u00f5es oficiais<\/h3>\n\n\n\n<p>A bandeira alem\u00e3 \u00e9 constitu\u00edda por tr\u00eas faixas horizontais iguais de preto (em cima), vermelho (no meio) e dourado (em baixo). Estas cores est\u00e3o definidas com exatid\u00e3o no \u201cCorporate Design Manual of the Federal Government\u201d para garantir a coer\u00eancia em todas as utiliza\u00e7\u00f5es oficiais. As especifica\u00e7\u00f5es exactas das cores s\u00e3o:<\/p>\n\n\n\n<p>Preto: RAL 9005 (preto azeviche)<br>Vermelho: RAL 3020 (vermelho tr\u00e1fego)<br>Dourado: RAL 1021 (Amarelo de viola\u00e7\u00e3o)<\/p>\n\n\n\n<p>A bandeira mant\u00e9m um r\u00e1cio de propor\u00e7\u00e3o de 3:5, o que significa que por cada 3 unidades de altura, a bandeira estende-se por 5 unidades de comprimento. Esta padroniza\u00e7\u00e3o assegura a coer\u00eancia visual, quer a bandeira apare\u00e7a em edif\u00edcios governamentais, miss\u00f5es diplom\u00e1ticas ou documentos oficiais. Para ocasi\u00f5es oficiais do Estado, a bandeira de servi\u00e7o federal (Bundesdienstflagge) incorpora o bras\u00e3o alem\u00e3o (a \u00c1guia Federal) centrado na tricolor, embora esta vers\u00e3o seja reservada exclusivamente para uso do governo federal.<\/p>\n\n\n\n<h3 class=\"wp-block-heading\" id=\"proper-display-guidelines\">Diretrizes para uma exibi\u00e7\u00e3o adequada<\/h3>\n\n\n\n<p>A legisla\u00e7\u00e3o alem\u00e3 fornece diretrizes espec\u00edficas para a exibi\u00e7\u00e3o respeitosa da bandeira nacional. Quando exposta na vertical, a faixa negra deve aparecer \u00e0 esquerda do ponto de vista do observador. Quando s\u00e3o exibidas v\u00e1rias bandeiras, o posicionamento \u00e9 determinado por protocolos espec\u00edficos: nas reuni\u00f5es bilaterais, a bandeira alem\u00e3 aparece normalmente \u00e0 direita da bandeira do pa\u00eds convidado, na perspetiva do observador, enquanto nas reuni\u00f5es multilaterais, as bandeiras seguem geralmente a ordem alfab\u00e9tica de acordo com a l\u00edngua local.<\/p>\n\n\n\n<p>Em dias comemorativos espec\u00edficos, as bandeiras podem ser hasteadas a meia haste, de acordo com as diretivas governamentais, nomeadamente no dia anual de recorda\u00e7\u00e3o das v\u00edtimas do nacional-socialismo (27 de janeiro) e no dia nacional de luto (Volkstrauertag). Durante estas cerim\u00f3nias, a bandeira \u00e9 hasteada at\u00e9 ao topo do mastro e depois baixada para a posi\u00e7\u00e3o de meio mastro.<\/p>\n\n\n\n<p>Embora a Alemanha n\u00e3o possua um c\u00f3digo de bandeira t\u00e3o extenso como o que existe em pa\u00edses como os Estados Unidos, aplicam-se os princ\u00edpios gerais de respeito. A bandeira nunca deve tocar no ch\u00e3o, n\u00e3o deve ser utilizada para publicidade comercial de forma a diminuir a sua dignidade e deve ser eliminada de forma respeitosa quando estiver gasta ou danificada de forma irrepar\u00e1vel.<\/p>\n\n\n\n<h3 class=\"wp-block-heading\" id=\"variants-and-related-flags\">Variantes e sinalizadores relacionados<\/h3>\n\n\n\n<p>Existem v\u00e1rias variantes oficiais da bandeira alem\u00e3 para fins governamentais e militares espec\u00edficos. A bandeira federal de servi\u00e7o, com o emblema da \u00e1guia, serve de padr\u00e3o governamental. O estandarte naval alem\u00e3o incorpora as cores nacionais com uma cruz distintiva e a \u00e1guia federal. As unidades militares t\u00eam bandeiras cerimoniais especiais (Truppenfahnen) que incorporam as cores nacionais com ins\u00edgnias espec\u00edficas da unidade.<\/p>\n\n\n\n<p>Os dezasseis estados federados da Alemanha (Bundesl\u00e4nder) mant\u00eam as suas pr\u00f3prias bandeiras com desenhos distintos que reflectem a hist\u00f3ria e a identidade regionais. As bandeiras variam de simples desenhos bicolores ou tricolores a emblemas mais complexos que incorporam bras\u00f5es hist\u00f3ricos. As bandeiras estaduais s\u00e3o hasteadas ao lado da bandeira nacional nos edif\u00edcios governamentais de cada estado, representando visualmente o sistema federal de governa\u00e7\u00e3o da Alemanha.<\/p>\n\n\n\n<p>A bandeira alem\u00e3 tamb\u00e9m influenciou outras bandeiras nacionais ao longo da hist\u00f3ria. Durante a Guerra Fria, v\u00e1rias na\u00e7\u00f5es africanas adoptaram o esquema de cores preto, vermelho e dourado ap\u00f3s a independ\u00eancia, reflectindo frequentemente tanto a influ\u00eancia alem\u00e3 como o simbolismo local. As cores aparecem nas bandeiras do Uganda, de Angola e da B\u00e9lgica, embora normalmente dispostas em padr\u00f5es diferentes e representando hist\u00f3rias nacionais distintas.<\/p>\n\n\n\n<p>A uniformiza\u00e7\u00e3o do desenho e da apresenta\u00e7\u00e3o da bandeira reflecte a abordagem sistem\u00e1tica da Alemanha em rela\u00e7\u00e3o aos s\u00edmbolos nacionais, assegurando uma representa\u00e7\u00e3o coerente da Rep\u00fablica, tanto a n\u00edvel nacional como internacional, e mantendo simultaneamente a liga\u00e7\u00e3o \u00e0s tradi\u00e7\u00f5es democr\u00e1ticas do pa\u00eds.<\/p>\n\n\n\n<div class=\"wp-block-greenshift-blocks-container gspb_container gspb_container-gsbp-8a17c21\" id=\"gspb_container-id-gsbp-8a17c21\"><a class=\"gspb-containerlink\" href=\"https:\/\/cosmoflag.com\/pt\/produto\/bandeira-de-franca\/\" rel=\"noopener\"><\/a>\n<div class=\"wp-block-greenshift-blocks-row gspb_row gspb_row-id-gsbp-c51ea7a gspb_row--gutter-custom-0\" id=\"gspb_row-id-gsbp-c51ea7a\"><div class=\"gspb_row__content\"> \n<div class=\"wp-block-greenshift-blocks-row-column gspb_row__col--6 gspb_row__col--md-12 gspb_col-id-gsbp-c82dae9\" id=\"gspb_col-id-gsbp-c82dae9\">\n<div id=\"gspb_text-id-gsbp-80ffdf7\" class=\"gspb_text gspb_text-id-gsbp-80ffdf7\">Voe as cores da Alemanha com orgulho<\/div>\n\n\n\n<div id=\"gspb_text-id-gsbp-33832b3\" class=\"gspb_text gspb_text-id-gsbp-33832b3\">Mostre o seu apoio ou celebre a sua heran\u00e7a com as nossas bandeiras alem\u00e3s de alta qualidade.<\/div>\n\n\n\n<div class=\"gspb_button_wrapper gspb_button-id-gsbp-9226f97\" id=\"gspb_button-id-gsbp-9226f97\"><a class=\"wp-block-greenshift-blocks-buttonbox gspb-buttonbox wp-element-button\" href=\"https:\/\/cosmoflag.com\/pt\/produto\/bandeira-da-alemanha\/\" rel=\"noopener\"><span class=\"gspb-buttonbox-textwrap\"><span class=\"gspb-buttonbox-text\"><span class=\"gspb-buttonbox-title\">Encomendar agora<\/span><\/span><span class=\"gspb-buttonbox-icon\"><svg xmlns=\"http:\/\/www.w3.org\/2000\/svg\" style=\"width:5rem;height:5rem;margin:10px\" viewbox=\"0 0 24 24\"><path fill-rule=\"evenodd\" d=\"M24 0v22.78h-2.87V4.9L2.03 24 0 21.97l19.1-19.1H1.26V0H24Z\"><\/path><\/svg><\/span><\/span><\/a><\/div>\n<\/div>\n\n\n\n<div class=\"wp-block-greenshift-blocks-row-column gspb_row__col--6 gspb_row__col--md-12 gspb_col-id-gsbp-d6a3659\" id=\"gspb_col-id-gsbp-d6a3659\">\n<div class=\"wp-block-greenshift-blocks-image gspb_image gspb_image-id-gsbp-ae2a2ef\" id=\"gspb_image-id-gsbp-ae2a2ef\"><a href=\"https:\/\/cosmoflag.com\/pt\/produto\/bandeira-da-alemanha\/\" ><img decoding=\"async\" src=\"https:\/\/cosmoflag.com\/wp-content\/uploads\/2024\/12\/Germany-Flag.jpg\" data-src=\"\" alt=\"Bandeira da Alemanha\" loading=\"lazy\" width=\"800\" height=\"800\"\/><\/a><\/div>\n<\/div>\n <\/div><\/div>\n<\/div>","protected":false},"excerpt":{"rendered":"<p>The black, red, and gold horizontal tricolor that represents Germany today stands as a powerful emblem of national identity, democratic values, and historical resilience. This distinctive flag has witnessed the complex transformation of German statehood through centuries of political turbulence, revolution, division, and ultimately, reunification. Unlike many national flags with relatively straightforward histories, Germany&#8217;s tricolor [&hellip;]<\/p>\n","protected":false},"author":1,"featured_media":2973,"comment_status":"open","ping_status":"open","sticky":false,"template":"","format":"standard","meta":{"_gspb_post_css":"#gspb_accordion-id-gsbp-0ad3d5b .gs-accordion-item.gsclose>.gs-accordion-item__content{overflow:hidden;opacity:0}#gspb_accordion-id-gsbp-0ad3d5b .gs-accordion-item.gsopen>.gs-accordion-item__content{opacity:1;max-height:5000px}#gspb_accordion-id-gsbp-0ad3d5b .gs-accordion-item>.gs-accordion-item__title>.gs-accordion-item__heading{outline:0;text-decoration:none;margin:0!important;padding:0!important;flex-grow:1}#gspb_accordion-id-gsbp-0ad3d5b .gs-accordion-item>.gs-accordion-item__title{z-index:1;margin:0;cursor:pointer;transition:all .3s ease-in-out;position:relative;display:flex;justify-content:space-between;align-items:center;flex-wrap:nowrap}#gspb_accordion-id-gsbp-0ad3d5b .gs-accordion-item>.gs-accordion-item__content{z-index:0;position:relative;max-height:0;will-change:max-height;transition:all .25s ease-out}#gspb_accordion-id-gsbp-0ad3d5b .gs-accordion-item>.gs-accordion-item__title{background-color:#f9f9f9;border-style:solid;border-width:1px;border-color:#00000012;font-size:24px;font-weight:700!important}#gspb_accordion-id-gsbp-0ad3d5b .gs-accordion-item__title>*{font-size:24px;font-weight:700!important}#gspb_accordion-id-gsbp-0ad3d5b .gs-accordion-item>.gs-accordion-item__content{background-color:#fff;border-style:solid;border-width:1px;border-color:#00000000 #00000012 #00000012}#gspb_accordion-id-gsbp-0ad3d5b .gs-accordion-item>.gs-accordion-item__title span.iconfortoggle{margin-left:15px}#gspb_accordion-id-gsbp-0ad3d5b .gs-accordion-item{margin-bottom:10px;box-shadow:0 2px 4px 0 rgba(0,0,0,.07)}#gspb_accordion-id-gsbp-0ad3d5b .gs-accordion-item>.gs-accordion-item__content>.gs-accordion-item__text,#gspb_accordion-id-gsbp-0ad3d5b .gs-accordion-item>.gs-accordion-item__title{padding:15px 20px}#gspb_accordion-id-gsbp-0ad3d5b span.iconfortoggle svg{height:16px!important;width:16px!important;min-width:16px!important;fill:currentColor!important;margin:0!important}#gspb_accordion-id-gsbp-0ad3d5b span.iconfortoggle svg path,#gspb_accordion-id-gsbp-0ad3d5b span.iconfortoggle svg:hover,#gspb_accordion-id-gsbp-0ad3d5b span.iconfortoggle svg:hover path{fill:currentColor!important}#gspb_accordion-id-gsbp-0ad3d5b .gs-accordion-item__title span.iconfortoggle{transition:transform .3s ease-in-out;display:inline-flex}#gspb_accordion-id-gsbp-0ad3d5b .gs-accordion-item__title span.iconfortoggle>*{vertical-align:top!important}#gspb_accordion-id-gsbp-0ad3d5b .gs-accordion-item.gsopen span.iconfortoggle{transform:rotate(90deg)}.gs-autolist{margin:15px 0 30px;border:1px solid #dddddd7d}.gs-autolist-item{padding:15px 15px 15px 5px;display:flex;align-items:center}.gs-autolist-title,.gs-autolist-title a{font-size:18px;line-height:24px;text-decoration:none}#gspb_toc-id-gsbp-766e0be .gs-autolist-item{background-color:#fff}#gspb_toc-id-gsbp-766e0be .gs-autolist-item:nth-child(2n){background-color:#eee}#gspb_toc-id-gsbp-766e0be .gs-autolist-title a{color:#000}#gspb_toc-id-gsbp-766e0be .gs-autolist-number{border-radius:50%;margin:0 20px 0 15px;text-align:center;font-weight:700;background-color:var(--wp--preset--color--palette-color-1, var(--theme-palette-color-1, #274C4F));color:#fff;height:25px;line-height:25px;width:25px;font-size:16px;min-width:25px}#gspb_toc-id-gsbp-766e0be .gs_sub_heading .gs-autolist-number{font-size:70%}.gspb_container-id-gsbp-11b6466,.gspb_container-id-gsbp-7a25250{flex-direction:column;box-sizing:border-box}#gspb_container-id-gsbp-11b6466.gspb_container>p:last-of-type,#gspb_container-id-gsbp-729d340.gspb_container>p:last-of-type,#gspb_container-id-gsbp-7a25250.gspb_container>p:last-of-type,#gspb_container-id-gsbp-8a17c21.gspb_container>p:last-of-type,#gspb_container-id-gsbp-9e29c38.gspb_container>p:last-of-type,#gspb_container-id-gsbp-bf98bd1.gspb_container>p:last-of-type{margin-bottom:0}#gspb_container-id-gsbp-7a25250.gspb_container{position:relative;padding:25px;background-color:var(--wp--preset--color--palette-color-6, var(--theme-palette-color-6, #EEF4F5))}#gspb_container-id-gsbp-7a25250.gspb_container,#gspb_container-id-gsbp-7a25250.gspb_container>.gspb_backgroundOverlay{border-top-left-radius:25px;border-top-right-radius:25px;border-bottom-right-radius:25px;border-bottom-left-radius:25px}#gspb_container-id-gsbp-11b6466.gspb_container{position:relative}#gspb_container-id-gsbp-11b6466.gspb_container .gspb-containerlink{position:absolute;top:0;left:0;right:0;bottom:0;z-index:1}#gspb_row-id-gsbp-be656f7{justify-content:space-between;margin-top:0;margin-bottom:0;display:flex;flex-wrap:wrap;padding:40px}#gspb_row-id-gsbp-be656f7>.gspb_row__content{display:flex;justify-content:space-between;margin:0 auto;width:100%;flex-wrap:wrap}div[id^=gspb_col-id]{box-sizing:border-box;position:relative;padding:var(--gs-row-column-padding, 15px min(3vw, 20px))}@media (max-width:991.98px){#gspb_row-id-gsbp-be656f7>.gspb_row__content{row-gap:40px}}@media (max-width:575.98px){#gspb_row-id-gsbp-be656f7>.gspb_row__content{row-gap:30px}}body.gspb-bodyfront #gspb_row-id-gsbp-be656f7>.gspb_row__content{width:var(--theme-container-width, 1200px);max-width:var(--theme-normal-container-max-width, 1200px)}@media (max-width:991.98px){#gspb_row-id-gsbp-be656f7{padding:50px}}@media (max-width:575.98px){#gspb_row-id-gsbp-be656f7{padding:50px 35px}}#gspb_row-id-gsbp-be656f7{background-color:var(--wp--preset--color--palette-color-1, var(--theme-palette-color-1, #274C4F))}#gspb_row-id-gsbp-be656f7,#gspb_row-id-gsbp-be656f7>.gspb_backgroundOverlay{border-top-left-radius:40px;border-top-right-radius:40px;border-bottom-right-radius:40px;border-bottom-left-radius:40px}body.gspb-bodyfront #gspb_row-id-gsbp-be656f7{z-index:3}#gspb_col-id-gsbp-cfd16a7.gspb_row__col--6{width:calc(50% - 50px)}@media (max-width:991.98px){#gspb_col-id-gsbp-cfd16a7.gspb_row__col--6{width:100%}}@media (max-width:767.98px){#gspb_col-id-gsbp-cfd16a7.gspb_row__col--6{width:calc(100% - 50px)}}@media (max-width:575.98px){#gspb_col-id-gsbp-cfd16a7.gspb_row__col--6{width:100%}}@media (min-width:992px){body.gspb-bodyfront #gspb_col-id-gsbp-cfd16a7.gspb_row__col--6{width:calc(55% - 0px - 50px)}}.gspb_row #gspb_col-id-gsbp-cfd16a7.gspb_row__col--6{padding:0}body #gspb_col-id-gsbp-cfd16a7.gspb_row__col--6{display:flex;flex-direction:column;justify-content:center}.gspb_text-id-gsbp-c16c4dd{font-size:24px}@media (max-width:575.98px){.gspb_text-id-gsbp-c16c4dd,.gspb_text-id-gsbp-c16c4dd .gsap-g-line{text-align:center!important}}.gspb_text-id-gsbp-c16c4dd{font-weight:800!important;color:var(--wp--preset--color--palette-color-8, var(--theme-palette-color-8, #ffffff));margin-bottom:10px!important}@media (max-width:991.98px){.gspb_text-id-gsbp-37f8b92,.gspb_text-id-gsbp-37f8b92 .gsap-g-line{text-align:center!important}}@media (max-width:575.98px){.gspb_text-id-gsbp-37f8b92,.gspb_text-id-gsbp-37f8b92 .gsap-g-line{text-align:center!important}}.gspb_text-id-gsbp-37f8b92{color:#ffffffc4;margin-bottom:30px!important}#gspb_button-id-gsbp-3887cf3{display:flex;justify-content:flex-start}#gspb_button-id-gsbp-3887cf3 .gspb-buttonbox-text{display:flex;flex-direction:column}#gspb_button-id-gsbp-3887cf3>.gspb-buttonbox{box-sizing:border-box}#gspb_button-id-gsbp-37fdd01>.gspb-buttonbox>.gspb-buttonbox-textwrap>.gspb-buttonbox-icon,#gspb_button-id-gsbp-3887cf3>.gspb-buttonbox>.gspb-buttonbox-textwrap>.gspb-buttonbox-icon,#gspb_button-id-gsbp-9226f97>.gspb-buttonbox>.gspb-buttonbox-textwrap>.gspb-buttonbox-icon,#gspb_button-id-gsbp-af5a192>.gspb-buttonbox>.gspb-buttonbox-textwrap>.gspb-buttonbox-icon,#gspb_button-id-gsbp-e8e2667>.gspb-buttonbox>.gspb-buttonbox-textwrap>.gspb-buttonbox-icon{display:flex}#gspb_button-id-gsbp-3887cf3>.gspb-buttonbox .gspb-buttonbox-icon svg{height:13px!important;width:13px!important;min-width:13px!important}@media (max-width:575.98px){#gspb_button-id-gsbp-3887cf3>.gspb-buttonbox .gspb-buttonbox-icon svg{height:10px!important;width:10px!important;min-width:10px!important}}#gspb_button-id-gsbp-3887cf3>.gspb-buttonbox .gspb-buttonbox-icon svg,#gspb_button-id-gsbp-3887cf3>.gspb-buttonbox .gspb-buttonbox-icon svg path{fill:currentColor!important}#gspb_button-id-gsbp-3887cf3>.gspb-buttonbox .gspb-buttonbox-icon svg{margin:0!important}#gspb_button-id-gsbp-3887cf3>.gspb-buttonbox>.gspb-buttonbox-textwrap{display:flex;flex-direction:row;align-items:center}#gspb_button-id-gsbp-3887cf3 .gspb-buttonbox-icon{margin-left:13px}@media (max-width:991.98px){#gspb_button-id-gsbp-3887cf3{justify-content:center}}#gspb_button-id-gsbp-3887cf3>.gspb-buttonbox{margin-bottom:0;background-color:var(--wp--preset--color--palette-color-8, var(--theme-palette-color-8, #ffffff));color:var(--wp--preset--color--palette-color-2, var(--theme-palette-color-2, #24417C))}#gspb_button-id-gsbp-3887cf3>.gspb-buttonbox:hover{background-color:var(--wp--preset--color--palette-color-6, var(--theme-palette-color-6, #EEF4F5))!important}#gspb_col-id-gsbp-13b47e2.gspb_row__col--6{width:calc(50% - 50px)}@media (max-width:991.98px){#gspb_col-id-gsbp-13b47e2.gspb_row__col--6{width:100%}}@media (max-width:767.98px){#gspb_col-id-gsbp-13b47e2.gspb_row__col--6{width:calc(100% - 50px)}}@media (max-width:575.98px){#gspb_col-id-gsbp-13b47e2.gspb_row__col--6{width:100%}}@media (min-width:992px){body.gspb-bodyfront #gspb_col-id-gsbp-13b47e2.gspb_row__col--6{width:calc(45% - 0px - 50px)}}@media (max-width:991.98px){#gspb_col-id-gsbp-13b47e2.gspb_row__col--6{order:-1}}.gspb_row #gspb_col-id-gsbp-13b47e2.gspb_row__col--6{padding:0}@media (max-width:991.98px){#gspb_image-id-gsbp-cbf891e{text-align:center}}#gspb_image-id-gsbp-cbf891e img{vertical-align:top;display:inline-block;box-sizing:border-box;max-width:100%;height:auto;border-top-left-radius:20%;border-top-right-radius:20%;border-bottom-right-radius:20%;border-bottom-left-radius:20%}#gspb_image-id-gsbp-cbf891e{margin-top:0}@media (max-width:991.98px){#gspb_image-id-gsbp-cbf891e img{width:50%}}@media (max-width:575.98px){#gspb_image-id-gsbp-cbf891e img{width:75%}}@media (max-width:991.98px){#gspb_image-id-gsbp-cbf891e,#gspb_image-id-gsbp-cbf891e img{height:auto}}@media (max-width:767.98px){#gspb_image-id-gsbp-cbf891e,#gspb_image-id-gsbp-cbf891e img{height:auto}}@media (max-width:575.98px){#gspb_image-id-gsbp-cbf891e,#gspb_image-id-gsbp-cbf891e img{height:auto}}.gspb_container-id-gsbp-9e29c38{flex-direction:column;box-sizing:border-box}#gspb_container-id-gsbp-9e29c38.gspb_container{position:relative}#gspb_container-id-gsbp-9e29c38.gspb_container .gspb-containerlink{position:absolute;top:0;left:0;right:0;bottom:0;z-index:1}#gspb_row-id-gsbp-490db93{justify-content:space-between;margin-top:0;margin-bottom:0;display:flex;flex-wrap:wrap;padding:40px}#gspb_row-id-gsbp-490db93>.gspb_row__content{display:flex;justify-content:space-between;margin:0 auto;width:100%;flex-wrap:wrap}@media (max-width:991.98px){#gspb_row-id-gsbp-490db93>.gspb_row__content{row-gap:40px}}@media (max-width:575.98px){#gspb_row-id-gsbp-490db93>.gspb_row__content{row-gap:30px}}body.gspb-bodyfront #gspb_row-id-gsbp-490db93>.gspb_row__content{width:var(--theme-container-width, 1200px);max-width:var(--theme-normal-container-max-width, 1200px)}@media (max-width:991.98px){#gspb_row-id-gsbp-490db93{padding:50px}}@media (max-width:575.98px){#gspb_row-id-gsbp-490db93{padding:50px 35px}}#gspb_row-id-gsbp-490db93{background-color:var(--wp--preset--color--palette-color-1, var(--theme-palette-color-1, #274C4F))}#gspb_row-id-gsbp-490db93,#gspb_row-id-gsbp-490db93>.gspb_backgroundOverlay{border-top-left-radius:40px;border-top-right-radius:40px;border-bottom-right-radius:40px;border-bottom-left-radius:40px}body.gspb-bodyfront #gspb_row-id-gsbp-490db93{z-index:3}#gspb_col-id-gsbp-aaae899.gspb_row__col--6{width:calc(50% - 50px)}@media (max-width:991.98px){#gspb_col-id-gsbp-aaae899.gspb_row__col--6{width:100%}}@media (max-width:767.98px){#gspb_col-id-gsbp-aaae899.gspb_row__col--6{width:calc(100% - 50px)}}@media (max-width:575.98px){#gspb_col-id-gsbp-aaae899.gspb_row__col--6{width:100%}}@media (min-width:992px){body.gspb-bodyfront #gspb_col-id-gsbp-aaae899.gspb_row__col--6{width:calc(55% - 0px - 50px)}}.gspb_row #gspb_col-id-gsbp-aaae899.gspb_row__col--6{padding:0}body #gspb_col-id-gsbp-aaae899.gspb_row__col--6{display:flex;flex-direction:column;justify-content:center}.gspb_text-id-gsbp-27989d5{font-size:24px}@media (max-width:575.98px){.gspb_text-id-gsbp-27989d5,.gspb_text-id-gsbp-27989d5 .gsap-g-line{text-align:center!important}}.gspb_text-id-gsbp-27989d5{font-weight:800!important;color:var(--wp--preset--color--palette-color-8, var(--theme-palette-color-8, #ffffff));margin-bottom:10px!important}@media (max-width:991.98px){.gspb_text-id-gsbp-44d8d24,.gspb_text-id-gsbp-44d8d24 .gsap-g-line{text-align:center!important}}@media (max-width:575.98px){.gspb_text-id-gsbp-44d8d24,.gspb_text-id-gsbp-44d8d24 .gsap-g-line{text-align:center!important}}.gspb_text-id-gsbp-44d8d24{color:#ffffffc4;margin-bottom:30px!important}#gspb_button-id-gsbp-e8e2667{display:flex;justify-content:flex-start}#gspb_button-id-gsbp-e8e2667 .gspb-buttonbox-text{display:flex;flex-direction:column}#gspb_button-id-gsbp-e8e2667>.gspb-buttonbox{box-sizing:border-box}#gspb_button-id-gsbp-e8e2667>.gspb-buttonbox .gspb-buttonbox-icon svg{height:13px!important;width:13px!important;min-width:13px!important}@media (max-width:575.98px){#gspb_button-id-gsbp-e8e2667>.gspb-buttonbox .gspb-buttonbox-icon svg{height:10px!important;width:10px!important;min-width:10px!important}}#gspb_button-id-gsbp-e8e2667>.gspb-buttonbox .gspb-buttonbox-icon svg,#gspb_button-id-gsbp-e8e2667>.gspb-buttonbox .gspb-buttonbox-icon svg path{fill:currentColor!important}#gspb_button-id-gsbp-e8e2667>.gspb-buttonbox .gspb-buttonbox-icon svg{margin:0!important}#gspb_button-id-gsbp-e8e2667>.gspb-buttonbox>.gspb-buttonbox-textwrap{display:flex;flex-direction:row;align-items:center}#gspb_button-id-gsbp-e8e2667 .gspb-buttonbox-icon{margin-left:13px}@media (max-width:991.98px){#gspb_button-id-gsbp-e8e2667{justify-content:center}}#gspb_button-id-gsbp-e8e2667>.gspb-buttonbox{margin-bottom:0;background-color:var(--wp--preset--color--palette-color-8, var(--theme-palette-color-8, #ffffff));color:var(--wp--preset--color--palette-color-2, var(--theme-palette-color-2, #24417C))}#gspb_button-id-gsbp-e8e2667>.gspb-buttonbox:hover{background-color:var(--wp--preset--color--palette-color-6, var(--theme-palette-color-6, #EEF4F5))!important}#gspb_col-id-gsbp-b75cd5a.gspb_row__col--6{width:calc(50% - 50px)}@media (max-width:991.98px){#gspb_col-id-gsbp-b75cd5a.gspb_row__col--6{width:100%}}@media (max-width:767.98px){#gspb_col-id-gsbp-b75cd5a.gspb_row__col--6{width:calc(100% - 50px)}}@media (max-width:575.98px){#gspb_col-id-gsbp-b75cd5a.gspb_row__col--6{width:100%}}@media (min-width:992px){body.gspb-bodyfront #gspb_col-id-gsbp-b75cd5a.gspb_row__col--6{width:calc(45% - 0px - 50px)}}@media (max-width:991.98px){#gspb_col-id-gsbp-b75cd5a.gspb_row__col--6{order:-1}}.gspb_row #gspb_col-id-gsbp-b75cd5a.gspb_row__col--6{padding:0}@media (max-width:991.98px){#gspb_image-id-gsbp-85568f5{text-align:center}}#gspb_image-id-gsbp-85568f5 img{vertical-align:top;display:inline-block;box-sizing:border-box;max-width:100%;height:auto;border-top-left-radius:20%;border-top-right-radius:20%;border-bottom-right-radius:20%;border-bottom-left-radius:20%}#gspb_image-id-gsbp-85568f5{margin-top:0}@media (max-width:991.98px){#gspb_image-id-gsbp-85568f5 img{width:50%}}@media (max-width:575.98px){#gspb_image-id-gsbp-85568f5 img{width:75%}}@media (max-width:991.98px){#gspb_image-id-gsbp-85568f5,#gspb_image-id-gsbp-85568f5 img{height:auto}}@media (max-width:767.98px){#gspb_image-id-gsbp-85568f5,#gspb_image-id-gsbp-85568f5 img{height:auto}}@media (max-width:575.98px){#gspb_image-id-gsbp-85568f5,#gspb_image-id-gsbp-85568f5 img{height:auto}}.gspb_container-id-gsbp-729d340{flex-direction:column;box-sizing:border-box}#gspb_container-id-gsbp-729d340.gspb_container{position:relative}#gspb_container-id-gsbp-729d340.gspb_container .gspb-containerlink{position:absolute;top:0;left:0;right:0;bottom:0;z-index:1}#gspb_row-id-gsbp-7aca788{justify-content:space-between;margin-top:0;margin-bottom:0;display:flex;flex-wrap:wrap;padding:40px}#gspb_row-id-gsbp-7aca788>.gspb_row__content{display:flex;justify-content:space-between;margin:0 auto;width:100%;flex-wrap:wrap}@media (max-width:991.98px){#gspb_row-id-gsbp-7aca788>.gspb_row__content{row-gap:40px}}@media (max-width:575.98px){#gspb_row-id-gsbp-7aca788>.gspb_row__content{row-gap:30px}}body.gspb-bodyfront #gspb_row-id-gsbp-7aca788>.gspb_row__content{width:var(--theme-container-width, 1200px);max-width:var(--theme-normal-container-max-width, 1200px)}@media (max-width:991.98px){#gspb_row-id-gsbp-7aca788{padding:50px}}@media (max-width:575.98px){#gspb_row-id-gsbp-7aca788{padding:50px 35px}}#gspb_row-id-gsbp-7aca788{background-color:var(--wp--preset--color--palette-color-1, var(--theme-palette-color-1, #274C4F))}#gspb_row-id-gsbp-7aca788,#gspb_row-id-gsbp-7aca788>.gspb_backgroundOverlay{border-top-left-radius:40px;border-top-right-radius:40px;border-bottom-right-radius:40px;border-bottom-left-radius:40px}body.gspb-bodyfront #gspb_row-id-gsbp-7aca788{z-index:3}#gspb_col-id-gsbp-1397e7d.gspb_row__col--6{width:calc(50% - 50px)}@media (max-width:991.98px){#gspb_col-id-gsbp-1397e7d.gspb_row__col--6{width:100%}}@media (max-width:767.98px){#gspb_col-id-gsbp-1397e7d.gspb_row__col--6{width:calc(100% - 50px)}}@media (max-width:575.98px){#gspb_col-id-gsbp-1397e7d.gspb_row__col--6{width:100%}}@media (min-width:992px){body.gspb-bodyfront #gspb_col-id-gsbp-1397e7d.gspb_row__col--6{width:calc(55% - 0px - 50px)}}.gspb_row #gspb_col-id-gsbp-1397e7d.gspb_row__col--6{padding:0}body #gspb_col-id-gsbp-1397e7d.gspb_row__col--6{display:flex;flex-direction:column;justify-content:center}.gspb_text-id-gsbp-179c696{font-size:24px}@media (max-width:575.98px){.gspb_text-id-gsbp-179c696,.gspb_text-id-gsbp-179c696 .gsap-g-line{text-align:center!important}}.gspb_text-id-gsbp-179c696{font-weight:800!important;color:var(--wp--preset--color--palette-color-8, var(--theme-palette-color-8, #ffffff));margin-bottom:10px!important}@media (max-width:991.98px){.gspb_text-id-gsbp-aacfab4,.gspb_text-id-gsbp-aacfab4 .gsap-g-line{text-align:center!important}}@media (max-width:575.98px){.gspb_text-id-gsbp-aacfab4,.gspb_text-id-gsbp-aacfab4 .gsap-g-line{text-align:center!important}}.gspb_text-id-gsbp-aacfab4{color:#ffffffc4;margin-bottom:30px!important}#gspb_button-id-gsbp-37fdd01{display:flex;justify-content:flex-start}#gspb_button-id-gsbp-37fdd01 .gspb-buttonbox-text{display:flex;flex-direction:column}#gspb_button-id-gsbp-37fdd01>.gspb-buttonbox{box-sizing:border-box}#gspb_button-id-gsbp-37fdd01>.gspb-buttonbox .gspb-buttonbox-icon svg{height:13px!important;width:13px!important;min-width:13px!important}@media (max-width:575.98px){#gspb_button-id-gsbp-37fdd01>.gspb-buttonbox .gspb-buttonbox-icon svg{height:10px!important;width:10px!important;min-width:10px!important}}#gspb_button-id-gsbp-37fdd01>.gspb-buttonbox .gspb-buttonbox-icon svg,#gspb_button-id-gsbp-37fdd01>.gspb-buttonbox .gspb-buttonbox-icon svg path{fill:currentColor!important}#gspb_button-id-gsbp-37fdd01>.gspb-buttonbox .gspb-buttonbox-icon svg{margin:0!important}#gspb_button-id-gsbp-37fdd01>.gspb-buttonbox>.gspb-buttonbox-textwrap{display:flex;flex-direction:row;align-items:center}#gspb_button-id-gsbp-37fdd01 .gspb-buttonbox-icon{margin-left:13px}@media (max-width:991.98px){#gspb_button-id-gsbp-37fdd01{justify-content:center}}#gspb_button-id-gsbp-37fdd01>.gspb-buttonbox{margin-bottom:0;background-color:var(--wp--preset--color--palette-color-8, var(--theme-palette-color-8, #ffffff));color:var(--wp--preset--color--palette-color-2, var(--theme-palette-color-2, #24417C))}#gspb_button-id-gsbp-37fdd01>.gspb-buttonbox:hover{background-color:var(--wp--preset--color--palette-color-6, var(--theme-palette-color-6, #EEF4F5))!important}#gspb_col-id-gsbp-e1c3c0e.gspb_row__col--6{width:calc(50% - 50px)}@media (max-width:991.98px){#gspb_col-id-gsbp-e1c3c0e.gspb_row__col--6{width:100%}}@media (max-width:767.98px){#gspb_col-id-gsbp-e1c3c0e.gspb_row__col--6{width:calc(100% - 50px)}}@media (max-width:575.98px){#gspb_col-id-gsbp-e1c3c0e.gspb_row__col--6{width:100%}}@media (min-width:992px){body.gspb-bodyfront #gspb_col-id-gsbp-e1c3c0e.gspb_row__col--6{width:calc(45% - 0px - 50px)}}@media (max-width:991.98px){#gspb_col-id-gsbp-e1c3c0e.gspb_row__col--6{order:-1}}.gspb_row #gspb_col-id-gsbp-e1c3c0e.gspb_row__col--6{padding:0}@media (max-width:991.98px){#gspb_image-id-gsbp-33ba456{text-align:center}}#gspb_image-id-gsbp-33ba456 img{vertical-align:top;display:inline-block;box-sizing:border-box;max-width:100%;height:auto;border-top-left-radius:20%;border-top-right-radius:20%;border-bottom-right-radius:20%;border-bottom-left-radius:20%}#gspb_image-id-gsbp-33ba456{margin-top:0}@media (max-width:991.98px){#gspb_image-id-gsbp-33ba456 img{width:50%}}@media (max-width:575.98px){#gspb_image-id-gsbp-33ba456 img{width:75%}}@media (max-width:991.98px){#gspb_image-id-gsbp-33ba456,#gspb_image-id-gsbp-33ba456 img{height:auto}}@media (max-width:767.98px){#gspb_image-id-gsbp-33ba456,#gspb_image-id-gsbp-33ba456 img{height:auto}}@media (max-width:575.98px){#gspb_image-id-gsbp-33ba456,#gspb_image-id-gsbp-33ba456 img{height:auto}}.gspb_container-id-gsbp-bf98bd1{flex-direction:column;box-sizing:border-box}#gspb_container-id-gsbp-bf98bd1.gspb_container{position:relative}#gspb_container-id-gsbp-bf98bd1.gspb_container .gspb-containerlink{position:absolute;top:0;left:0;right:0;bottom:0;z-index:1}#gspb_row-id-gsbp-828175b{justify-content:space-between;margin-top:0;margin-bottom:0;display:flex;flex-wrap:wrap;padding:40px}#gspb_row-id-gsbp-828175b>.gspb_row__content{display:flex;justify-content:space-between;margin:0 auto;width:100%;flex-wrap:wrap}@media (max-width:991.98px){#gspb_row-id-gsbp-828175b>.gspb_row__content{row-gap:40px}}@media (max-width:575.98px){#gspb_row-id-gsbp-828175b>.gspb_row__content{row-gap:30px}}body.gspb-bodyfront #gspb_row-id-gsbp-828175b>.gspb_row__content{width:var(--theme-container-width, 1200px);max-width:var(--theme-normal-container-max-width, 1200px)}@media (max-width:991.98px){#gspb_row-id-gsbp-828175b{padding:50px}}@media (max-width:575.98px){#gspb_row-id-gsbp-828175b{padding:50px 35px}}#gspb_row-id-gsbp-828175b{background-color:var(--wp--preset--color--palette-color-1, var(--theme-palette-color-1, #274C4F))}#gspb_row-id-gsbp-828175b,#gspb_row-id-gsbp-828175b>.gspb_backgroundOverlay{border-top-left-radius:40px;border-top-right-radius:40px;border-bottom-right-radius:40px;border-bottom-left-radius:40px}body.gspb-bodyfront #gspb_row-id-gsbp-828175b{z-index:3}#gspb_col-id-gsbp-6cd4027.gspb_row__col--6{width:calc(50% - 50px)}@media (max-width:991.98px){#gspb_col-id-gsbp-6cd4027.gspb_row__col--6{width:100%}}@media (max-width:767.98px){#gspb_col-id-gsbp-6cd4027.gspb_row__col--6{width:calc(100% - 50px)}}@media (max-width:575.98px){#gspb_col-id-gsbp-6cd4027.gspb_row__col--6{width:100%}}@media (min-width:992px){body.gspb-bodyfront #gspb_col-id-gsbp-6cd4027.gspb_row__col--6{width:calc(55% - 0px - 50px)}}.gspb_row #gspb_col-id-gsbp-6cd4027.gspb_row__col--6{padding:0}body #gspb_col-id-gsbp-6cd4027.gspb_row__col--6{display:flex;flex-direction:column;justify-content:center}.gspb_text-id-gsbp-59d5c80{font-size:24px}@media (max-width:575.98px){.gspb_text-id-gsbp-59d5c80,.gspb_text-id-gsbp-59d5c80 .gsap-g-line{text-align:center!important}}.gspb_text-id-gsbp-59d5c80{font-weight:800!important;color:var(--wp--preset--color--palette-color-8, var(--theme-palette-color-8, #ffffff));margin-bottom:10px!important}@media (max-width:991.98px){.gspb_text-id-gsbp-21deaca,.gspb_text-id-gsbp-21deaca .gsap-g-line{text-align:center!important}}@media (max-width:575.98px){.gspb_text-id-gsbp-21deaca,.gspb_text-id-gsbp-21deaca .gsap-g-line{text-align:center!important}}.gspb_text-id-gsbp-21deaca{color:#ffffffc4;margin-bottom:30px!important}#gspb_button-id-gsbp-af5a192{display:flex;justify-content:flex-start}#gspb_button-id-gsbp-af5a192 .gspb-buttonbox-text{display:flex;flex-direction:column}#gspb_button-id-gsbp-af5a192>.gspb-buttonbox{box-sizing:border-box}#gspb_button-id-gsbp-af5a192>.gspb-buttonbox .gspb-buttonbox-icon svg{height:13px!important;width:13px!important;min-width:13px!important}@media (max-width:575.98px){#gspb_button-id-gsbp-af5a192>.gspb-buttonbox .gspb-buttonbox-icon svg{height:10px!important;width:10px!important;min-width:10px!important}}#gspb_button-id-gsbp-af5a192>.gspb-buttonbox .gspb-buttonbox-icon svg,#gspb_button-id-gsbp-af5a192>.gspb-buttonbox .gspb-buttonbox-icon svg path{fill:currentColor!important}#gspb_button-id-gsbp-af5a192>.gspb-buttonbox .gspb-buttonbox-icon svg{margin:0!important}#gspb_button-id-gsbp-af5a192>.gspb-buttonbox>.gspb-buttonbox-textwrap{display:flex;flex-direction:row;align-items:center}#gspb_button-id-gsbp-af5a192 .gspb-buttonbox-icon{margin-left:13px}@media (max-width:991.98px){#gspb_button-id-gsbp-af5a192{justify-content:center}}#gspb_button-id-gsbp-af5a192>.gspb-buttonbox{margin-bottom:0;background-color:var(--wp--preset--color--palette-color-8, var(--theme-palette-color-8, #ffffff));color:var(--wp--preset--color--palette-color-2, var(--theme-palette-color-2, #24417C))}#gspb_button-id-gsbp-af5a192>.gspb-buttonbox:hover{background-color:var(--wp--preset--color--palette-color-6, var(--theme-palette-color-6, #EEF4F5))!important}#gspb_col-id-gsbp-3a421a0.gspb_row__col--6{width:calc(50% - 50px)}@media (max-width:991.98px){#gspb_col-id-gsbp-3a421a0.gspb_row__col--6{width:100%}}@media (max-width:767.98px){#gspb_col-id-gsbp-3a421a0.gspb_row__col--6{width:calc(100% - 50px)}}@media (max-width:575.98px){#gspb_col-id-gsbp-3a421a0.gspb_row__col--6{width:100%}}@media (min-width:992px){body.gspb-bodyfront #gspb_col-id-gsbp-3a421a0.gspb_row__col--6{width:calc(45% - 0px - 50px)}}@media (max-width:991.98px){#gspb_col-id-gsbp-3a421a0.gspb_row__col--6{order:-1}}.gspb_row #gspb_col-id-gsbp-3a421a0.gspb_row__col--6{padding:0}@media (max-width:991.98px){#gspb_image-id-gsbp-fcc65a5{text-align:center}}#gspb_image-id-gsbp-fcc65a5 img{vertical-align:top;display:inline-block;box-sizing:border-box;max-width:100%;height:auto;border-top-left-radius:20%;border-top-right-radius:20%;border-bottom-right-radius:20%;border-bottom-left-radius:20%}#gspb_image-id-gsbp-fcc65a5{margin-top:0}@media (max-width:991.98px){#gspb_image-id-gsbp-fcc65a5 img{width:50%}}@media (max-width:575.98px){#gspb_image-id-gsbp-fcc65a5 img{width:75%}}@media (max-width:991.98px){#gspb_image-id-gsbp-fcc65a5,#gspb_image-id-gsbp-fcc65a5 img{height:auto}}@media (max-width:767.98px){#gspb_image-id-gsbp-fcc65a5,#gspb_image-id-gsbp-fcc65a5 img{height:auto}}@media (max-width:575.98px){#gspb_image-id-gsbp-fcc65a5,#gspb_image-id-gsbp-fcc65a5 img{height:auto}}.gspb_container-id-gsbp-8a17c21{flex-direction:column;box-sizing:border-box}#gspb_container-id-gsbp-8a17c21.gspb_container,.gspb_row{position:relative}#gspb_container-id-gsbp-8a17c21.gspb_container .gspb-containerlink{position:absolute;top:0;left:0;right:0;bottom:0;z-index:1}#gspb_row-id-gsbp-c51ea7a{justify-content:space-between;margin-top:0;margin-bottom:0;display:flex;flex-wrap:wrap;padding:40px}#gspb_row-id-gsbp-c51ea7a>.gspb_row__content{display:flex;justify-content:space-between;margin:0 auto;width:100%;flex-wrap:wrap}@media (max-width:991.98px){#gspb_row-id-gsbp-c51ea7a>.gspb_row__content{row-gap:40px}}@media (max-width:575.98px){#gspb_row-id-gsbp-c51ea7a>.gspb_row__content{row-gap:30px}}body.gspb-bodyfront #gspb_row-id-gsbp-c51ea7a>.gspb_row__content{width:var(--theme-container-width, 1200px);max-width:var(--theme-normal-container-max-width, 1200px)}@media (max-width:991.98px){#gspb_row-id-gsbp-c51ea7a{padding:50px}}@media (max-width:575.98px){#gspb_row-id-gsbp-c51ea7a{padding:50px 35px}}#gspb_row-id-gsbp-c51ea7a{background-color:var(--wp--preset--color--palette-color-1, var(--theme-palette-color-1, #274C4F))}#gspb_row-id-gsbp-c51ea7a,#gspb_row-id-gsbp-c51ea7a>.gspb_backgroundOverlay{border-top-left-radius:40px;border-top-right-radius:40px;border-bottom-right-radius:40px;border-bottom-left-radius:40px}body.gspb-bodyfront #gspb_row-id-gsbp-c51ea7a{z-index:3}#gspb_col-id-gsbp-c82dae9.gspb_row__col--6{width:calc(50% - 50px)}@media (max-width:991.98px){#gspb_col-id-gsbp-c82dae9.gspb_row__col--6{width:100%}}@media (max-width:767.98px){#gspb_col-id-gsbp-c82dae9.gspb_row__col--6{width:calc(100% - 50px)}}@media (max-width:575.98px){#gspb_col-id-gsbp-c82dae9.gspb_row__col--6{width:100%}}@media (min-width:992px){body.gspb-bodyfront #gspb_col-id-gsbp-c82dae9.gspb_row__col--6{width:calc(55% - 0px - 50px)}}.gspb_row #gspb_col-id-gsbp-c82dae9.gspb_row__col--6{padding:0}body #gspb_col-id-gsbp-c82dae9.gspb_row__col--6{display:flex;flex-direction:column;justify-content:center}.gspb_text-id-gsbp-80ffdf7{font-size:24px}@media (max-width:575.98px){.gspb_text-id-gsbp-80ffdf7,.gspb_text-id-gsbp-80ffdf7 .gsap-g-line{text-align:center!important}}.gspb_text-id-gsbp-80ffdf7{font-weight:800!important;color:var(--wp--preset--color--palette-color-8, var(--theme-palette-color-8, #ffffff));margin-bottom:10px!important}@media (max-width:991.98px){.gspb_text-id-gsbp-33832b3,.gspb_text-id-gsbp-33832b3 .gsap-g-line{text-align:center!important}}@media (max-width:575.98px){.gspb_text-id-gsbp-33832b3,.gspb_text-id-gsbp-33832b3 .gsap-g-line{text-align:center!important}}.gspb_text-id-gsbp-33832b3{color:#ffffffc4;margin-bottom:30px!important}#gspb_button-id-gsbp-9226f97{display:flex;justify-content:flex-start}#gspb_button-id-gsbp-9226f97 .gspb-buttonbox-text{display:flex;flex-direction:column}#gspb_button-id-gsbp-9226f97>.gspb-buttonbox{box-sizing:border-box}#gspb_button-id-gsbp-9226f97>.gspb-buttonbox .gspb-buttonbox-icon svg{height:13px!important;width:13px!important;min-width:13px!important}@media (max-width:575.98px){#gspb_button-id-gsbp-9226f97>.gspb-buttonbox .gspb-buttonbox-icon svg{height:10px!important;width:10px!important;min-width:10px!important}}#gspb_button-id-gsbp-9226f97>.gspb-buttonbox .gspb-buttonbox-icon svg,#gspb_button-id-gsbp-9226f97>.gspb-buttonbox .gspb-buttonbox-icon svg path{fill:currentColor!important}#gspb_button-id-gsbp-9226f97>.gspb-buttonbox .gspb-buttonbox-icon svg{margin:0!important}#gspb_button-id-gsbp-9226f97>.gspb-buttonbox>.gspb-buttonbox-textwrap{display:flex;flex-direction:row;align-items:center}#gspb_button-id-gsbp-9226f97 .gspb-buttonbox-icon{margin-left:13px}@media (max-width:991.98px){#gspb_button-id-gsbp-9226f97{justify-content:center}}#gspb_button-id-gsbp-9226f97>.gspb-buttonbox{margin-bottom:0;background-color:var(--wp--preset--color--palette-color-8, var(--theme-palette-color-8, #ffffff));color:var(--wp--preset--color--palette-color-2, var(--theme-palette-color-2, #24417C))}#gspb_button-id-gsbp-9226f97>.gspb-buttonbox:hover{background-color:var(--wp--preset--color--palette-color-6, var(--theme-palette-color-6, #EEF4F5))!important}#gspb_col-id-gsbp-d6a3659.gspb_row__col--6{width:calc(50% - 50px)}@media (max-width:991.98px){#gspb_col-id-gsbp-d6a3659.gspb_row__col--6{width:100%}}@media (max-width:767.98px){#gspb_col-id-gsbp-d6a3659.gspb_row__col--6{width:calc(100% - 50px)}}@media (max-width:575.98px){#gspb_col-id-gsbp-d6a3659.gspb_row__col--6{width:100%}}@media (min-width:992px){body.gspb-bodyfront #gspb_col-id-gsbp-d6a3659.gspb_row__col--6{width:calc(45% - 0px - 50px)}}@media (max-width:991.98px){#gspb_col-id-gsbp-d6a3659.gspb_row__col--6{order:-1}}.gspb_row #gspb_col-id-gsbp-d6a3659.gspb_row__col--6{padding:0}@media (max-width:991.98px){#gspb_image-id-gsbp-ae2a2ef{text-align:center}}#gspb_image-id-gsbp-ae2a2ef img{vertical-align:top;display:inline-block;box-sizing:border-box;max-width:100%;height:auto;border-top-left-radius:20%;border-top-right-radius:20%;border-bottom-right-radius:20%;border-bottom-left-radius:20%}#gspb_image-id-gsbp-ae2a2ef{margin-top:0}@media (max-width:991.98px){#gspb_image-id-gsbp-ae2a2ef img{width:50%}}@media (max-width:575.98px){#gspb_image-id-gsbp-ae2a2ef img{width:75%}}@media (max-width:991.98px){#gspb_image-id-gsbp-ae2a2ef,#gspb_image-id-gsbp-ae2a2ef img{height:auto}}@media (max-width:767.98px){#gspb_image-id-gsbp-ae2a2ef,#gspb_image-id-gsbp-ae2a2ef img{height:auto}}@media (max-width:575.98px){#gspb_image-id-gsbp-ae2a2ef,#gspb_image-id-gsbp-ae2a2ef img{height:auto}}","iawp_total_views":886,"footnotes":""},"categories":[81],"tags":[],"class_list":["post-2701","post","type-post","status-publish","format-standard","has-post-thumbnail","hentry","category-history-of-flags"],"blocksy_meta":[],"_links":{"self":[{"href":"https:\/\/cosmoflag.com\/pt\/wp-json\/wp\/v2\/posts\/2701","targetHints":{"allow":["GET"]}}],"collection":[{"href":"https:\/\/cosmoflag.com\/pt\/wp-json\/wp\/v2\/posts"}],"about":[{"href":"https:\/\/cosmoflag.com\/pt\/wp-json\/wp\/v2\/types\/post"}],"author":[{"embeddable":true,"href":"https:\/\/cosmoflag.com\/pt\/wp-json\/wp\/v2\/users\/1"}],"replies":[{"embeddable":true,"href":"https:\/\/cosmoflag.com\/pt\/wp-json\/wp\/v2\/comments?post=2701"}],"version-history":[{"count":0,"href":"https:\/\/cosmoflag.com\/pt\/wp-json\/wp\/v2\/posts\/2701\/revisions"}],"wp:featuredmedia":[{"embeddable":true,"href":"https:\/\/cosmoflag.com\/pt\/wp-json\/wp\/v2\/media\/2973"}],"wp:attachment":[{"href":"https:\/\/cosmoflag.com\/pt\/wp-json\/wp\/v2\/media?parent=2701"}],"wp:term":[{"taxonomy":"category","embeddable":true,"href":"https:\/\/cosmoflag.com\/pt\/wp-json\/wp\/v2\/categories?post=2701"},{"taxonomy":"post_tag","embeddable":true,"href":"https:\/\/cosmoflag.com\/pt\/wp-json\/wp\/v2\/tags?post=2701"}],"curies":[{"name":"wp","href":"https:\/\/api.w.org\/{rel}","templated":true}]}}