{"id":2701,"date":"2025-01-10T12:32:46","date_gmt":"2025-01-10T12:32:46","guid":{"rendered":"https:\/\/cosmoflag.com\/?p=2701"},"modified":"2025-06-08T19:35:46","modified_gmt":"2025-06-08T17:35:46","slug":"historia-flagi-niemieckiej","status":"publish","type":"post","link":"https:\/\/cosmoflag.com\/pl\/historia-flagi-niemieckiej\/","title":{"rendered":"Flaga Niemiec: Kolory, znaczenie, historia, pochodzenie"},"content":{"rendered":"<p>Czarny, czerwony i z\u0142oty poziomy tr\u00f3jkolor, kt\u00f3ry reprezentuje dzi\u015b Niemcy, jest pot\u0119\u017cnym symbolem to\u017csamo\u015bci narodowej, warto\u015bci demokratycznych i historycznej odporno\u015bci. Ta charakterystyczna flaga by\u0142a \u015bwiadkiem z\u0142o\u017conej transformacji niemieckiej pa\u0144stwowo\u015bci przez wieki politycznych zawirowa\u0144, rewolucji, podzia\u0142\u00f3w i ostatecznie zjednoczenia. W przeciwie\u0144stwie do wielu flag narodowych o stosunkowo prostej historii, tr\u00f3jkolorowa flaga Niemiec odzwierciedla trudn\u0105 podr\u00f3\u017c narodu w kierunku demokracji i jedno\u015bci, czyni\u0105c j\u0105 nie tylko symbolem narodowym, ale tak\u017ce wizualn\u0105 kronik\u0105 niemieckiej ewolucji politycznej.<\/p>\n\n\n\n<div class=\"wp-block-greenshift-blocks-accordion gs-accordion gspb_accordion-id-gsbp-0ad3d5b\" id=\"gspb_accordion-id-gsbp-0ad3d5b\" >\n<div class=\"wp-block-greenshift-blocks-accordionitem gs-accordion-item gspb_accordionitem-gsbp-a610cd1 gsclose\" id=\"gspb_accordionitem-gsbp-a610cd1\" itemscope><div id=\"gs-trigger-gsbp-0ad3d5b-0\" class=\"gs-accordion-item__title\" aria-expanded=\"false\" role=\"button\" tabindex=\"0\" aria-controls=\"gspb-accordion-item-content-gsbp-a610cd1\"><div class=\"gs-accordion-item__heading\">Spis tre\u015bci<\/div><meta itemprop=\"name\" content=\"Table of Contents\"\/><span class=\"iconfortoggle\"><svg class=\"\" style=\"display:inline-block;vertical-align:middle\" width=\"15\" height=\"15\" viewbox=\"0 0 896 1024\" xmlns=\"http:\/\/www.w3.org\/2000\/svg\"><path style=\"fill:#565D66\" d=\"M883.8 334.6l-39.6-39.6c-9.4-9.4-24.6-9.4-34 0l-362.2 361.4-362.2-361.4c-9.4-9.4-24.6-9.4-34 0l-39.6 39.6c-9.4 9.4-9.4 24.6 0 34l418.8 418.8c9.4 9.4 24.6 9.4 34 0l418.8-418.8c9.4-9.4 9.4-24.6 0-34z\"><\/path><\/svg><\/span><\/div><div aria-labelledby=\"gs-trigger-gsbp-0ad3d5b-0\" class=\"gs-accordion-item__content\" itemscope id=\"gspb-accordion-item-content-gsbp-a610cd1\" ><div class=\"gs-accordion-item__text\" itemprop=\"text\">\n<div class=\"wp-block-greenshift-blocks-toc gs-toc gspb_toc-id-gsbp-766e0be\" id=\"gspb_toc-id-gsbp-766e0be\" itemscope itemtype=\"https:\/\/schema.org\/ItemList\"><div class=\"gs-autolist\"><div class=\"gs-autolist-item\" itemscope itemprop=\"itemListElement\" itemtype=\"https:\/\/schema.org\/ListItem\"><span class=\"gs-autolist-number\">1<\/span><span class=\"gs-autolist-title\"><meta itemprop=\"name\" content=\"Quick Summary\"\/><a class=\"gs-scrollto\" href=\"#quick-summary-1\">Szybkie podsumowanie<\/a><\/span><\/div><div class=\"gs-autolist-item\" itemscope itemprop=\"itemListElement\" itemtype=\"https:\/\/schema.org\/ListItem\"><span class=\"gs-autolist-number\">2<\/span><span class=\"gs-autolist-title\"><meta itemprop=\"name\" content=\"Medieval Origins of the German Colors\"\/><a class=\"gs-scrollto\" href=\"#medieval-origins-of-the-german-colors\">\u015aredniowieczne pochodzenie niemieckich kolor\u00f3w<\/a><\/span><\/div><div class=\"gs-autolist-item\" itemscope itemprop=\"itemListElement\" itemtype=\"https:\/\/schema.org\/ListItem\"><span class=\"gs-autolist-number\">3<\/span><span class=\"gs-autolist-title\"><meta itemprop=\"name\" content=\"Revolutionary Beginnings (1815-1848)\"\/><a class=\"gs-scrollto\" href=\"#revolutionary-beginnings-1815-1848\">Pocz\u0105tki rewolucji (1815-1848)<\/a><\/span><\/div><div class=\"gs-autolist-item\" itemscope itemprop=\"itemListElement\" itemtype=\"https:\/\/schema.org\/ListItem\"><span class=\"gs-autolist-number\">4<\/span><span class=\"gs-autolist-title\"><meta itemprop=\"name\" content=\"Imperial Era (1871-1918)\"\/><a class=\"gs-scrollto\" href=\"#imperial-era-1871-1918\">Era cesarska (1871-1918)<\/a><\/span><\/div><div class=\"gs-autolist-item\" itemscope itemprop=\"itemListElement\" itemtype=\"https:\/\/schema.org\/ListItem\"><span class=\"gs-autolist-number\">5<\/span><span class=\"gs-autolist-title\"><meta itemprop=\"name\" content=\"Weimar Republic (1919-1933)\"\/><a class=\"gs-scrollto\" href=\"#weimar-republic-1919-1933\">Republika Weimarska (1919-1933)<\/a><\/span><\/div><div class=\"gs-autolist-item\" itemscope itemprop=\"itemListElement\" itemtype=\"https:\/\/schema.org\/ListItem\"><span class=\"gs-autolist-number\">6<\/span><span class=\"gs-autolist-title\"><meta itemprop=\"name\" content=\"The Nazi Period (1933-1945)\"\/><a class=\"gs-scrollto\" href=\"#the-nazi-period-1933-1945\">Okres nazistowski (1933-1945)<\/a><\/span><\/div><div class=\"gs-autolist-item\" itemscope itemprop=\"itemListElement\" itemtype=\"https:\/\/schema.org\/ListItem\"><span class=\"gs-autolist-number\">7<\/span><span class=\"gs-autolist-title\"><meta itemprop=\"name\" content=\"Post-War Division (1945-1990)\"\/><a class=\"gs-scrollto\" href=\"#post-war-division-1945-1990\">Podzia\u0142 powojenny (1945-1990)<\/a><\/span><\/div><div class=\"gs-autolist-item\" itemscope itemprop=\"itemListElement\" itemtype=\"https:\/\/schema.org\/ListItem\"><span class=\"gs-autolist-number\">8<\/span><span class=\"gs-autolist-title\"><meta itemprop=\"name\" content=\"Reunification and Modern Era (1990-Present)\"\/><a class=\"gs-scrollto\" href=\"#reunification-and-modern-era-1990-present\">Zjednoczenie i era wsp\u00f3\u0142czesna (1990-obecnie)<\/a><\/span><\/div><div class=\"gs-autolist-item\" itemscope itemprop=\"itemListElement\" itemtype=\"https:\/\/schema.org\/ListItem\"><span class=\"gs-autolist-number\">9<\/span><span class=\"gs-autolist-title\"><meta itemprop=\"name\" content=\"Design and Specifications\"\/><a class=\"gs-scrollto\" href=\"#design-and-specifications\">Konstrukcja i specyfikacja<\/a><\/span><\/div><\/div><\/div>\n<\/div><\/div><\/div>\n<\/div>\n\n\n\n<div class=\"wp-block-greenshift-blocks-container gspb_container gspb_container-gsbp-7a25250\" id=\"gspb_container-id-gsbp-7a25250\">\n<h2 class=\"wp-block-heading\" id=\"quick-summary-1\">Szybkie podsumowanie<\/h2>\n\n\n\n<p>Niemiecka flaga z poziomymi pasami czerni, czerwieni i z\u0142ota jest pot\u0119\u017cnym symbolem z\u0142o\u017conej politycznej podr\u00f3\u017cy Niemiec. Jej pocz\u0105tki si\u0119gaj\u0105 ruch\u00f3w studenckich z pocz\u0105tku XIX wieku, kt\u00f3re powsta\u0142y po wojnach napoleo\u0144skich, d\u0105\u017c\u0105c do jedno\u015bci Niemiec i liberalnych reform przeciwko rozdrobnionym ksi\u0119stwom.<\/p>\n\n\n\n<p>Kolory te zyska\u0142y rewolucyjne znaczenie podczas demokratycznych powsta\u0144 w 1848 roku, kiedy to parlament we Frankfurcie przyj\u0105\u0142 je jako pierwsz\u0105 flag\u0119 narodow\u0105 Niemiec. Cesarstwo Niemieckie Bismarcka odrzuci\u0142o te demokratyczne barwy, zamiast tego ustanawiaj\u0105c czer\u0144, biel i czerwie\u0144 jako barwy cesarskie reprezentuj\u0105ce prusk\u0105 dominacj\u0119.<\/p>\n\n\n\n<p>Po I wojnie \u015bwiatowej Republika Weimarska przywr\u00f3ci\u0142a czarny, czerwony i z\u0142oty tr\u00f3jkolor, gdy Niemcy przyj\u0119\u0142y demokracj\u0119. Ten demokratyczny symbol zosta\u0142 nast\u0119pnie zakazany przez re\u017cim nazistowski, kt\u00f3ry narzuci\u0142 flag\u0119 ze swastyk\u0105 jako jedyne god\u0142o narodowe w latach 1935-1945.<\/p>\n\n\n\n<p>Powojenny podzia\u0142 Niemiec stworzy\u0142 wyj\u0105tkow\u0105 sytuacj\u0119, w kt\u00f3rej zar\u00f3wno Wsch\u00f3d, jak i Zach\u00f3d ro\u015bci\u0142y sobie prawo do tych samych historycznych barw. Niemcy Zachodnie przyj\u0119\u0142y prosty tr\u00f3jkolorowy kolor, podczas gdy Niemcy Wschodnie doda\u0142y komunistyczny emblemat, aby wyr\u00f3\u017cni\u0107 swoj\u0105 flag\u0119. Ten wizualny podzia\u0142 trwa\u0142 a\u017c do zjednoczenia w 1990 roku.<\/p>\n\n\n\n<p>Dzisiejsza flaga Niemiec reprezentuje nie cechy geograficzne, ale osi\u0105gni\u0119cie polityczne - triumf warto\u015bci demokratycznych po stuleciach walki. Kolory nios\u0105 ze sob\u0105 wielowarstwowe znaczenia nagromadzone w historii: czer\u0144 reprezentuje determinacj\u0119, czerwie\u0144 symbolizuje krew przelan\u0105 za wolno\u015b\u0107, a z\u0142oto oznacza \u015bwiat\u0142o i dobrobyt.<\/p>\n\n\n\n<p>W przeciwie\u0144stwie do wielu symboli narodowych zrodzonych ze zwyci\u0119stwa, flaga Niemiec wy\u0142oni\u0142a si\u0119 z powtarzaj\u0105cych si\u0119 demokratycznych pora\u017cek przed ostatecznym sukcesem. Ta historia sprawia, \u017ce ma ona szczeg\u00f3lne znaczenie jako symbol zaanga\u017cowania wsp\u00f3\u0142czesnych Niemiec w demokracj\u0119, integracj\u0119 europejsk\u0105 i pokojow\u0105 wsp\u00f3\u0142prac\u0119 w ramach spo\u0142eczno\u015bci mi\u0119dzynarodowej.<\/p>\n<\/div>\n\n\n\n<div class=\"wp-block-greenshift-blocks-container gspb_container gspb_container-gsbp-11b6466\" id=\"gspb_container-id-gsbp-11b6466\"><a class=\"gspb-containerlink\" href=\"https:\/\/cosmoflag.com\/pl\/produkt\/flaga-francji\/\" rel=\"noopener\"><\/a>\n<div class=\"wp-block-greenshift-blocks-row gspb_row gspb_row-id-gsbp-be656f7 gspb_row--gutter-custom-0\" id=\"gspb_row-id-gsbp-be656f7\"><div class=\"gspb_row__content\"> \n<div class=\"wp-block-greenshift-blocks-row-column gspb_row__col--6 gspb_row__col--md-12 gspb_col-id-gsbp-cfd16a7\" id=\"gspb_col-id-gsbp-cfd16a7\">\n<div id=\"gspb_text-id-gsbp-c16c4dd\" class=\"gspb_text gspb_text-id-gsbp-c16c4dd\">Lataj z dum\u0105 w barwach Niemiec<\/div>\n\n\n\n<div id=\"gspb_text-id-gsbp-37f8b92\" class=\"gspb_text gspb_text-id-gsbp-37f8b92\">Poka\u017c swoje wsparcie lub uczcij swoje dziedzictwo dzi\u0119ki naszym wysokiej jako\u015bci flagom niemieckim.<\/div>\n\n\n\n<div class=\"gspb_button_wrapper gspb_button-id-gsbp-3887cf3\" id=\"gspb_button-id-gsbp-3887cf3\"><a class=\"wp-block-greenshift-blocks-buttonbox gspb-buttonbox wp-element-button\" href=\"https:\/\/cosmoflag.com\/pl\/produkt\/flaga-niemiec\/\" rel=\"noopener\"><span class=\"gspb-buttonbox-textwrap\"><span class=\"gspb-buttonbox-text\"><span class=\"gspb-buttonbox-title\">Zam\u00f3w teraz<\/span><\/span><span class=\"gspb-buttonbox-icon\"><svg xmlns=\"http:\/\/www.w3.org\/2000\/svg\" style=\"width:5rem;height:5rem;margin:10px\" viewbox=\"0 0 24 24\"><path fill-rule=\"evenodd\" d=\"M24 0v22.78h-2.87V4.9L2.03 24 0 21.97l19.1-19.1H1.26V0H24Z\"><\/path><\/svg><\/span><\/span><\/a><\/div>\n<\/div>\n\n\n\n<div class=\"wp-block-greenshift-blocks-row-column gspb_row__col--6 gspb_row__col--md-12 gspb_col-id-gsbp-13b47e2\" id=\"gspb_col-id-gsbp-13b47e2\">\n<div class=\"wp-block-greenshift-blocks-image gspb_image gspb_image-id-gsbp-cbf891e\" id=\"gspb_image-id-gsbp-cbf891e\"><a href=\"https:\/\/cosmoflag.com\/pl\/produkt\/flaga-niemiec\/\" ><img decoding=\"async\" src=\"https:\/\/cosmoflag.com\/wp-content\/uploads\/2024\/12\/Germany-Flag.jpg\" data-src=\"\" alt=\"Flaga Niemiec\" loading=\"lazy\" width=\"800\" height=\"800\"\/><\/a><\/div>\n<\/div>\n <\/div><\/div>\n<\/div>\n\n\n\n<h2 class=\"wp-block-heading\" id=\"medieval-origins-of-the-german-colors\">\u015aredniowieczne pochodzenie niemieckich kolor\u00f3w<\/h2>\n\n\n\n<h3 class=\"wp-block-heading\" id=\"the-holy-roman-empire-connection\">Po\u0142\u0105czenie ze \u015awi\u0119tym Cesarstwem Rzymskim<\/h3>\n\n\n\n<p>Pochodzenie niemieckiej kombinacji kolor\u00f3w czarnego, czerwonego i z\u0142otego od dawna jest przedmiotem dyskusji w\u015br\u00f3d historyk\u00f3w i weksylolog\u00f3w. Cho\u0107 powszechnie \u0142\u0105czy si\u0119 je ze \u015awi\u0119tym Cesarstwem Rzymskim, zwi\u0105zek ten wymaga zniuansowanego zrozumienia. Sztandar cesarski rzeczywi\u015bcie przedstawia\u0142 czarnego or\u0142a z czerwonymi szponami i dziobem na z\u0142otym tle, co stanowi potencjalne wczesne \u017ar\u00f3d\u0142o tych charakterystycznych kolor\u00f3w. Jednak celowe po\u0142\u0105czenie tych trzech kolor\u00f3w jako jednolitego symbolu narodowego pojawi si\u0119 znacznie p\u00f3\u017aniej w historii Niemiec.<\/p>\n\n\n\n<h3 class=\"wp-block-heading\" id=\"early-uses-of-these-colors\">Wczesne zastosowania tych kolor\u00f3w<\/h3>\n\n\n\n<p>W okresie \u015bredniowiecza kolory te pojawia\u0142y si\u0119 oddzielnie na r\u00f3\u017cnych niemieckich terytoriach i ksi\u0119stwach. Cesarskie wolne miasta i wiele regionalnych sztandar\u00f3w zawiera\u0142o elementy czerni i z\u0142ota, szczeg\u00f3lnie poprzez motyw cesarskiego or\u0142a. Czerwie\u0144 cz\u0119sto pojawia\u0142a si\u0119 w heraldycznych projektach r\u00f3\u017cnych niemieckich dom\u00f3w szlacheckich. Kolory te, cho\u0107 obecne pojedynczo w niemieckiej tradycji heraldycznej, nie stanowi\u0142y uznanego tr\u00f3jkolorowego uk\u0142adu ani symbolu narodowego w tej epoce.<\/p>\n\n\n\n<h3 class=\"wp-block-heading\" id=\"symbolic-meanings\">Znaczenie symboliczne<\/h3>\n\n\n\n<p>Symboliczne znaczenie przypisywane tym kolorom z czasem uleg\u0142o znacznej ewolucji. We wczesnej tradycji heraldycznej z\u0142oto reprezentowa\u0142o szlachectwo, dobrobyt i w\u0142adz\u0119 cesarsk\u0105. Czer\u0144 oznacza\u0142a si\u0142\u0119 i determinacj\u0119, podczas gdy czerwie\u0144 powszechnie symbolizowa\u0142a odwag\u0119 i rozlew krwi. Znaczenia te zmieni\u0142y si\u0119, gdy kolory zyska\u0142y znaczenie polityczne w p\u00f3\u017aniejszych stuleciach, ale ich korzenie w \u015bredniowiecznej symbolice stanowi\u0142y podstaw\u0119 do p\u00f3\u017aniejszego przyj\u0119cia ich jako barw narodowych.<\/p>\n\n\n\n<p>Przej\u015bcie od \u015bredniowiecznej heraldyki do nowoczesnej symboliki narodowej wymaga\u0142o g\u0142\u0119bokich zmian politycznych. Dopiero na pocz\u0105tku XIX wieku, w\u015br\u00f3d rosn\u0105cych nastroj\u00f3w nacjonalistycznych i rewolucyjnych idea\u0142\u00f3w, kolory te po\u0142\u0105czy\u0142y si\u0119 w celowy symbol polityczny. Historia tego, jak bractwa studenckie i ruchy rewolucyjne przyj\u0119\u0142y te kolory, wyznacza pocz\u0105tek wsp\u00f3\u0142czesnej historii niemieckiej flagi.<\/p>\n\n\n\n<p>Dla entuzjast\u00f3w historii zainteresowanych wy\u015bwietlaniem autentycznych reprezentacji historycznych flag Niemiec, w tym reprodukcji \u015bredniowiecznych sztandar\u00f3w cesarskich z oryginalnymi elementami kolorystycznymi, kolekcja Cosmoflag oferuje repliki o jako\u015bci muzealnej, wykonane z historyczn\u0105 dok\u0142adno\u015bci\u0105 i materia\u0142ami najwy\u017cszej jako\u015bci.<\/p>\n\n\n\n<div class=\"wp-block-greenshift-blocks-container gspb_container gspb_container-gsbp-9e29c38\" id=\"gspb_container-id-gsbp-9e29c38\"><a class=\"gspb-containerlink\" href=\"https:\/\/cosmoflag.com\/pl\/produkt\/flaga-francji\/\" rel=\"noopener\"><\/a>\n<div class=\"wp-block-greenshift-blocks-row gspb_row gspb_row-id-gsbp-490db93 gspb_row--gutter-custom-0\" id=\"gspb_row-id-gsbp-490db93\"><div class=\"gspb_row__content\"> \n<div class=\"wp-block-greenshift-blocks-row-column gspb_row__col--6 gspb_row__col--md-12 gspb_col-id-gsbp-aaae899\" id=\"gspb_col-id-gsbp-aaae899\">\n<div id=\"gspb_text-id-gsbp-27989d5\" class=\"gspb_text gspb_text-id-gsbp-27989d5\">Lataj z dum\u0105 w barwach Niemiec<\/div>\n\n\n\n<div id=\"gspb_text-id-gsbp-44d8d24\" class=\"gspb_text gspb_text-id-gsbp-44d8d24\">Poka\u017c swoje wsparcie lub uczcij swoje dziedzictwo dzi\u0119ki naszym wysokiej jako\u015bci flagom niemieckim.<\/div>\n\n\n\n<div class=\"gspb_button_wrapper gspb_button-id-gsbp-e8e2667\" id=\"gspb_button-id-gsbp-e8e2667\"><a class=\"wp-block-greenshift-blocks-buttonbox gspb-buttonbox wp-element-button\" href=\"https:\/\/cosmoflag.com\/pl\/produkt\/flaga-niemiec\/\" rel=\"noopener\"><span class=\"gspb-buttonbox-textwrap\"><span class=\"gspb-buttonbox-text\"><span class=\"gspb-buttonbox-title\">Zam\u00f3w teraz<\/span><\/span><span class=\"gspb-buttonbox-icon\"><svg xmlns=\"http:\/\/www.w3.org\/2000\/svg\" style=\"width:5rem;height:5rem;margin:10px\" viewbox=\"0 0 24 24\"><path fill-rule=\"evenodd\" d=\"M24 0v22.78h-2.87V4.9L2.03 24 0 21.97l19.1-19.1H1.26V0H24Z\"><\/path><\/svg><\/span><\/span><\/a><\/div>\n<\/div>\n\n\n\n<div class=\"wp-block-greenshift-blocks-row-column gspb_row__col--6 gspb_row__col--md-12 gspb_col-id-gsbp-b75cd5a\" id=\"gspb_col-id-gsbp-b75cd5a\">\n<div class=\"wp-block-greenshift-blocks-image gspb_image gspb_image-id-gsbp-85568f5\" id=\"gspb_image-id-gsbp-85568f5\"><a href=\"https:\/\/cosmoflag.com\/pl\/produkt\/flaga-niemiec\/\" ><img decoding=\"async\" src=\"https:\/\/cosmoflag.com\/wp-content\/uploads\/2024\/12\/Germany-Flag.jpg\" data-src=\"\" alt=\"Flaga Niemiec\" loading=\"lazy\" width=\"800\" height=\"800\"\/><\/a><\/div>\n<\/div>\n <\/div><\/div>\n<\/div>\n\n\n\n<h2 class=\"wp-block-heading\" id=\"revolutionary-beginnings-1815-1848\">Pocz\u0105tki rewolucji (1815-1848)<\/h2>\n\n\n\n<h3 class=\"wp-block-heading\" id=\"student-fraternities-and-burschenschaften\">Bractwa i bursy studenckie<\/h3>\n\n\n\n<p>Celowe po\u0142\u0105czenie czerni, czerwieni i z\u0142ota jako jednolitego symbolu politycznego wy\u0142oni\u0142o si\u0119 z patriotycznego zapa\u0142u po wojnach napoleo\u0144skich. W 1815 roku niemieccy studenci, z kt\u00f3rych wielu walczy\u0142o przeciwko Napoleonowi, utworzyli bractwa zwane Burschenschaften na Uniwersytecie w Jenie. Organizacje te stara\u0142y si\u0119 promowa\u0107 niemieck\u0105 jedno\u015b\u0107 i liberalne reformy w czasach, gdy \u201cNiemcy\u201d istnia\u0142y jedynie jako rozdrobniony zbi\u00f3r niezale\u017cnych pa\u0144stw. Urburschenschaft, pierwsza taka grupa studencka, celowo wybra\u0142a czer\u0144, czerwie\u0144 i z\u0142oto na swoj\u0105 flag\u0119.<\/p>\n\n\n\n<p>Kolory te mia\u0142y szczeg\u00f3lne znaczenie dla uczni\u00f3w: czer\u0144 reprezentowa\u0142a ciemno\u015b\u0107 przesz\u0142ego ucisku, czerwie\u0144 symbolizowa\u0142a rozlew krwi w walce o wolno\u015b\u0107, a z\u0142oto oznacza\u0142o \u015bwiat\u0142o wolno\u015bci, kt\u00f3re starali si\u0119 osi\u0105gn\u0105\u0107. Wyb\u00f3r ten odzwierciedla\u0142 r\u00f3wnie\u017c mundury Wolnego Korpusu L\u00fctzow, ochotniczego oddzia\u0142u walcz\u0105cego przeciwko Napoleonowi, kt\u00f3ry nosi\u0142 czarne mundury z czerwonymi wyko\u0144czeniami i z\u0142otymi guzikami. To pochodzenie mocno powi\u0105za\u0142o te kolory z wczesnym niemieckim nacjonalizmem i demokratycznymi aspiracjami.<\/p>\n\n\n\n<h3 class=\"wp-block-heading\" id=\"the-hambach-festival-of-1832\">Festiwal w Hambach w 1832 r.<\/h3>\n\n\n\n<p>Czarny, czerwony i z\u0142oty tr\u00f3jkolor zyska\u0142y szersze znaczenie polityczne podczas Festiwalu Hambach w 1832 roku, kluczowego wydarzenia we wczesnych niemieckich ruchach demokratycznych. Oko\u0142o 30 000 os\u00f3b zebra\u0142o si\u0119 na zamku Hambach w regionie Palatynatu, aby opowiedzie\u0107 si\u0119 za reformami politycznymi, swobodami obywatelskimi i zjednoczeniem Niemiec. Czarne, czerwone i z\u0142ote sztandary zdominowa\u0142y wydarzenie, przekszta\u0142caj\u0105c to, co by\u0142o g\u0142\u00f3wnie symbolem studenckim, w powszechnie rozpoznawalny emblemat liberalnego niemieckiego nacjonalizmu.<\/p>\n\n\n\n<p>Uczestnicy festiwalu dumnie prezentowali te barwy, wzywaj\u0105c do zjednoczonej republiki niemieckiej, wolno\u015bci s\u0142owa i reform politycznych. Spotkanie to stanowi\u0142o jedn\u0105 z pierwszych masowych demonstracji politycznych w historii Niemiec, a pierwszoplanowa rola tr\u00f3jkolorowych barw ugruntowa\u0142a ich status jako sztandaru post\u0119powego niemieckiego nacjonalizmu. Po wydarzeniach w Hambach w\u0142adze wielu niemieckich land\u00f3w zakaza\u0142y eksponowania tych barw, uznaj\u0105c ich rewolucyjny potencja\u0142.<\/p>\n\n\n\n<h3 class=\"wp-block-heading\" id=\"march-revolution-of-1848\">Rewolucja marcowa 1848 r.<\/h3>\n\n\n\n<p>Tr\u00f3jkolor czarny, czerwony i z\u0142oty osi\u0105gn\u0105\u0142 sw\u00f3j rewolucyjny szczyt podczas burzliwych wydarze\u0144 w latach 1848-49. Gdy ruchy rewolucyjne ogarn\u0119\u0142y ca\u0142\u0105 Europ\u0119, Niemcy zacz\u0119li domaga\u0107 si\u0119 jedno\u015bci narodowej, konstytucyjnych rz\u0105d\u00f3w i swob\u00f3d obywatelskich. 18 marca 1848 r. rewolucjoni\u015bci w Berlinie wywiesili czarno-czerwono-z\u0142ot\u0105 flag\u0119 jako sw\u00f3j symbol. Kiedy rewolucja si\u0119 rozprzestrzeni\u0142a, nowo utworzony parlament we Frankfurcie, pierwsze demokratycznie wybrane zgromadzenie narodowe Niemiec, oficjalnie przyj\u0105\u0142 te kolory jako flag\u0119 narodow\u0105.<\/p>\n\n\n\n<p>W tym okresie po raz pierwszy czarny, czerwony i z\u0142oty tr\u00f3jkolorowy kolor sta\u0142 si\u0119 oficjalnym niemieckim symbolem narodowym. Flaga dumnie powiewa\u0142a nad ko\u015bcio\u0142em Paulskim we Frankfurcie, gdzie delegaci debatowali nad konstytucj\u0105 dla zjednoczonych, demokratycznych Niemiec. Chocia\u017c rewolucja ostatecznie zako\u0144czy\u0142a si\u0119 niepowodzeniem, gdy si\u0142y konserwatywne odzyska\u0142y kontrol\u0119 w 1849 roku, zwi\u0105zek mi\u0119dzy tymi kolorami a niemieckimi aspiracjami demokratycznymi utrwali\u0142 si\u0119 w \u015bwiadomo\u015bci narodowej.<\/p>\n\n\n\n<p>Flagi z tego rewolucyjnego okresu stanowi\u0105 kluczowe artefakty w demokratycznym dziedzictwie Niemiec. Kolekcjonerzy historii i entuzja\u015bci zainteresowani t\u0105 kluczow\u0105 epok\u0105 mog\u0105 znale\u017a\u0107 wierne reprodukcje flagi rewolucyjnej z 1848 roku w naszej kolekcji Cosmoflag, z kt\u00f3rych ka\u017cda zosta\u0142a wykonana w celu uhonorowania tego wa\u017cnego rozdzia\u0142u w niemieckiej podr\u00f3\u017cy ku demokracji i jedno\u015bci.<\/p>\n\n\n\n<h2 class=\"wp-block-heading\" id=\"imperial-era-1871-1918\">Era cesarska (1871-1918)<\/h2>\n\n\n\n<h3 class=\"wp-block-heading\" id=\"the-black-white-and-red-flag\">Czarna, bia\u0142a i czerwona flaga<\/h3>\n\n\n\n<p>Kiedy Otto von Bismarckowi uda\u0142o si\u0119 zjednoczy\u0107 Niemcy pod przyw\u00f3dztwem Prus w 1871 roku, nowo utworzone Cesarstwo Niemieckie celowo odrzuci\u0142o tr\u00f3jkolorowe barwy: czarn\u0105, czerwon\u0105 i z\u0142ot\u0105. Odrzucenie to mia\u0142o charakter zar\u00f3wno polityczny, jak i symboliczny. Nowy rz\u0105d cesarski, zdominowany przez konserwatywn\u0105 prusk\u0105 szlacht\u0119, postrzega\u0142 demokratyczny tr\u00f3jkolor z podejrzliwo\u015bci\u0105 ze wzgl\u0119du na jego powi\u0105zania z ruchami rewolucyjnymi. Zamiast tego przyj\u0119to poziomy tr\u00f3jkolor czarny, bia\u0142y i czerwony jako flag\u0119 narodow\u0105 Cesarstwa Niemieckiego.<\/p>\n\n\n\n<p>Kolory te stanowi\u0142y po\u0142\u0105czenie czerni i bieli Prus (dominuj\u0105cego pa\u0144stwa w nowym imperium) oraz czerwieni i bieli miast Hanzy. Wyb\u00f3r ten podkre\u015bla\u0142 pruskie przyw\u00f3dztwo, jednocze\u015bnie uznaj\u0105c p\u00f3\u0142nocne centra handlowe, kt\u00f3re przyczyni\u0142y si\u0119 do niemieckiego dobrobytu. Flaga cesarska symbolizowa\u0142a zatem zupe\u0142nie inn\u0105 wizj\u0119 niemieckiej narodowo\u015bci: opart\u0105 na w\u0142adzy monarchicznej, pruskiej sprawno\u015bci wojskowej i sile handlowej, a nie na zasadach demokratycznych.<\/p>\n\n\n\n<h3 class=\"wp-block-heading\" id=\"competing-national-identities\">Konkuruj\u0105ce to\u017csamo\u015bci narodowe<\/h3>\n\n\n\n<p>Przez ca\u0142y okres cesarstwa Niemcy do\u015bwiadcza\u0142y napi\u0119\u0107 mi\u0119dzy konkuruj\u0105cymi ze sob\u0105 wizjami to\u017csamo\u015bci narodowej. Oficjalna czarno-bia\u0142o-czerwona flaga reprezentowa\u0142a konserwatywn\u0105, monarchiczn\u0105 koncepcj\u0119 Niemiec, kt\u00f3rej or\u0119downikami by\u0142y elity rz\u0105dz\u0105ce. Jednak czarne, czerwone i z\u0142ote kolory nigdy ca\u0142kowicie nie znikn\u0119\u0142y z niemieckiego \u017cycia politycznego. Post\u0119powe i demokratyczne ruchy nadal u\u017cywa\u0142y tych kolor\u00f3w jako symbolu sprzeciwu wobec autorytarnych rz\u0105d\u00f3w i jako przypomnienia o niespe\u0142nionych aspiracjach demokratycznych.<\/p>\n\n\n\n<p>Ten okres w historii Niemiec by\u0142 \u015bwiadkiem instytucjonalizacji symboli narodowych, a flaga cesarska pojawi\u0142a si\u0119 na budynkach rz\u0105dowych, okr\u0119tach wojennych i oficjalnych dokumentach. Rz\u0105d promowa\u0142 barwy cesarskie poprzez edukacj\u0119, pokazy wojskowe i uroczysto\u015bci publiczne, pracuj\u0105c nad ustanowieniem ich jako autentycznego symbolu niemieckiej narodowo\u015bci. Jednak utrzymywanie si\u0119 alternatywnego tr\u00f3jkoloru odzwierciedla\u0142o g\u0142\u0119bsze podzia\u0142y w niemieckim spo\u0142ecze\u0144stwie dotycz\u0105ce fundamentalnej natury pa\u0144stwa niemieckiego.<\/p>\n\n\n\n<h3 class=\"wp-block-heading\" id=\"symbolism-during-the-first-world-war\">Symbolika podczas pierwszej wojny \u015bwiatowej<\/h3>\n\n\n\n<p>Flaga cesarska zyska\u0142a na znaczeniu podczas I wojny \u015bwiatowej (1914-1918). Gdy Niemcy mobilizowa\u0142y si\u0119 do wojny totalnej, czarny, bia\u0142y i czerwony tr\u00f3jkolor sta\u0142 si\u0119 symbolem jedno\u015bci narodowej i determinacji militarnej. Flaga pojawi\u0142a si\u0119 na obligacjach wojennych, plakatach propagandowych i pami\u0105tkach patriotycznych. Jednostki wojskowe nios\u0142y cesarskie barwy do bitwy, a cywile pokazywali flag\u0119, aby zademonstrowa\u0107 swoje wsparcie dla wysi\u0142ku wojennego.<\/p>\n\n\n\n<p>Jednak w miar\u0119 jak wojna si\u0119 przeci\u0105ga\u0142a, a warunki pogarsza\u0142y, cesarska flaga coraz bardziej reprezentowa\u0142a re\u017cim, kt\u00f3ry traci\u0142 legitymacj\u0119. Niepowodzenia militarne, niedobory \u017cywno\u015bci i represje polityczne podkopa\u0142y powszechne poparcie dla rz\u0105du cesarskiego. Do 1918 r. ponownie pojawi\u0142y si\u0119 ruchy rewolucyjne, cz\u0119sto nosz\u0105ce czarne, czerwone i z\u0142ote barwy alternatywnej niemieckiej tradycji. Kiedy cesarstwo upad\u0142o po kl\u0119sce militarnej, flaga cesarska upad\u0142a wraz z nim, tworz\u0105c okazj\u0119 do powrotu demokratycznego tr\u00f3jkoloru.<\/p>\n\n\n\n<div class=\"wp-block-greenshift-blocks-container gspb_container gspb_container-gsbp-729d340\" id=\"gspb_container-id-gsbp-729d340\"><a class=\"gspb-containerlink\" href=\"https:\/\/cosmoflag.com\/pl\/produkt\/flaga-francji\/\" rel=\"noopener\"><\/a>\n<div class=\"wp-block-greenshift-blocks-row gspb_row gspb_row-id-gsbp-7aca788 gspb_row--gutter-custom-0\" id=\"gspb_row-id-gsbp-7aca788\"><div class=\"gspb_row__content\"> \n<div class=\"wp-block-greenshift-blocks-row-column gspb_row__col--6 gspb_row__col--md-12 gspb_col-id-gsbp-1397e7d\" id=\"gspb_col-id-gsbp-1397e7d\">\n<div id=\"gspb_text-id-gsbp-179c696\" class=\"gspb_text gspb_text-id-gsbp-179c696\">Lataj z dum\u0105 w barwach Niemiec<\/div>\n\n\n\n<div id=\"gspb_text-id-gsbp-aacfab4\" class=\"gspb_text gspb_text-id-gsbp-aacfab4\">Poka\u017c swoje wsparcie lub uczcij swoje dziedzictwo dzi\u0119ki naszym wysokiej jako\u015bci flagom niemieckim.<\/div>\n\n\n\n<div class=\"gspb_button_wrapper gspb_button-id-gsbp-37fdd01\" id=\"gspb_button-id-gsbp-37fdd01\"><a class=\"wp-block-greenshift-blocks-buttonbox gspb-buttonbox wp-element-button\" href=\"https:\/\/cosmoflag.com\/pl\/produkt\/flaga-niemiec\/\" rel=\"noopener\"><span class=\"gspb-buttonbox-textwrap\"><span class=\"gspb-buttonbox-text\"><span class=\"gspb-buttonbox-title\">Zam\u00f3w teraz<\/span><\/span><span class=\"gspb-buttonbox-icon\"><svg xmlns=\"http:\/\/www.w3.org\/2000\/svg\" style=\"width:5rem;height:5rem;margin:10px\" viewbox=\"0 0 24 24\"><path fill-rule=\"evenodd\" d=\"M24 0v22.78h-2.87V4.9L2.03 24 0 21.97l19.1-19.1H1.26V0H24Z\"><\/path><\/svg><\/span><\/span><\/a><\/div>\n<\/div>\n\n\n\n<div class=\"wp-block-greenshift-blocks-row-column gspb_row__col--6 gspb_row__col--md-12 gspb_col-id-gsbp-e1c3c0e\" id=\"gspb_col-id-gsbp-e1c3c0e\">\n<div class=\"wp-block-greenshift-blocks-image gspb_image gspb_image-id-gsbp-33ba456\" id=\"gspb_image-id-gsbp-33ba456\"><a href=\"https:\/\/cosmoflag.com\/pl\/produkt\/flaga-niemiec\/\" ><img decoding=\"async\" src=\"https:\/\/cosmoflag.com\/wp-content\/uploads\/2024\/12\/Germany-Flag.jpg\" data-src=\"\" alt=\"Flaga Niemiec\" loading=\"lazy\" width=\"800\" height=\"800\"\/><\/a><\/div>\n<\/div>\n <\/div><\/div>\n<\/div>\n\n\n\n<h2 class=\"wp-block-heading\" id=\"weimar-republic-1919-1933\">Republika Weimarska (1919-1933)<\/h2>\n\n\n\n<h3 class=\"wp-block-heading\" id=\"return-to-black-red-and-gold\">Powr\u00f3t do czerni, czerwieni i z\u0142ota<\/h3>\n\n\n\n<p>Po upadku Cesarstwa Niemieckiego i abdykacji cesarza Wilhelma II w listopadzie 1918 roku, Niemcy wesz\u0142y w okres g\u0142\u0119bokiej transformacji politycznej. Nowy demokratyczny rz\u0105d, utworzony po\u015br\u00f3d rewolucji i niepokoj\u00f3w spo\u0142ecznych, poszukiwa\u0142 symboli, kt\u00f3re reprezentowa\u0142yby wyra\u017ane zerwanie z imperialn\u0105 przesz\u0142o\u015bci\u0105. W tym kontek\u015bcie czarny, czerwony i z\u0142oty tr\u00f3jkolorowy kolor ponownie pojawi\u0142 si\u0119 jako flaga narodowa, odzyskuj\u0105c swoj\u0105 pozycj\u0119 jako symbol niemieckich aspiracji demokratycznych.<\/p>\n\n\n\n<p>Wyb\u00f3r ten celowo \u0142\u0105czy\u0142 now\u0105 republik\u0119 z demokratycznymi tradycjami 1848 roku, podkre\u015blaj\u0105c ci\u0105g\u0142o\u015b\u0107 z wcze\u015bniejszymi walkami o wolno\u015b\u0107 i jedno\u015b\u0107 narodow\u0105. Republika Weimarska, nazwana na cze\u015b\u0107 miasta, w kt\u00f3rym opracowano jej konstytucj\u0119, oficjalnie przyj\u0119\u0142a czarny, czerwony i z\u0142oty poziomy tr\u00f3jkolor 11 sierpnia 1919 roku. Dla wielu Niemc\u00f3w, zw\u0142aszcza tych o post\u0119powych pogl\u0105dach politycznych, powr\u00f3t do tradycyjnych demokratycznych kolor\u00f3w oznacza\u0142 nadziej\u0119 na now\u0105 er\u0119 konstytucyjnych rz\u0105d\u00f3w i swob\u00f3d obywatelskich.<\/p>\n\n\n\n<h3 class=\"wp-block-heading\" id=\"constitutional-recognition\">Uznanie konstytucyjne<\/h3>\n\n\n\n<p>Konstytucja weimarska wyra\u017anie ustanowi\u0142a czer\u0144, czerwie\u0144 i z\u0142oto jako barwy narodowe w artykule 3, nadaj\u0105c tym kolorom konstytucyjn\u0105 ochron\u0119 po raz pierwszy w historii Niemiec. Ich oficjalne przyj\u0119cie by\u0142o czym\u015b wi\u0119cej ni\u017c tylko estetyczn\u0105 preferencj\u0105; oznacza\u0142o przywi\u0105zanie republiki do zasad demokracji i pr\u00f3b\u0119 stworzenia nowej to\u017csamo\u015bci politycznej, odmiennej od autorytarnego pa\u0144stwa imperialnego.<\/p>\n\n\n\n<p>Rz\u0105d pracowa\u0142 nad promocj\u0105 flagi poprzez oficjalne ceremonie, edukacj\u0119 publiczn\u0105 i reprezentacj\u0119 dyplomatyczn\u0105. Po raz pierwszy kolory te reprezentowa\u0142y Niemcy na arenie mi\u0119dzynarodowej, powiewaj\u0105c nad ambasadami i konsulatami na ca\u0142ym \u015bwiecie. Okres weimarski przyni\u00f3s\u0142 standaryzacj\u0119 wymiar\u00f3w i specyfikacji kolorystycznych flagi, ustanawiaj\u0105c precyzyjny odcie\u0144 z\u0142ota (w rzeczywisto\u015bci z\u0142oto-\u017c\u00f3\u0142ty), kt\u00f3ry jest kontynuowany we wsp\u00f3\u0142czesnej niemieckiej fladze.<\/p>\n\n\n\n<h3 class=\"wp-block-heading\" id=\"political-controversies\">Kontrowersje polityczne<\/h3>\n\n\n\n<p>Pomimo swojego oficjalnego statusu, flaga weimarska nigdy nie osi\u0105gn\u0119\u0142a powszechnej akceptacji w\u015br\u00f3d ludno\u015bci niemieckiej. Wielu konserwatyst\u00f3w i nacjonalist\u00f3w nadal postrzega\u0142o cesarsk\u0105 czer\u0144, biel i czerwie\u0144 jako autentyczne barwy narodowe. Organizacje weteran\u00f3w, grupy monarchistyczne i prawicowe partie polityczne cz\u0119sto wywiesza\u0142y flag\u0119 cesarsk\u0105 jako protest przeciwko republice. Niemiecka marynarka wojenna i handlowa nadal u\u017cywa\u0142y chor\u0105gwi, kt\u00f3re zawiera\u0142y elementy kolor\u00f3w cesarskich, odzwierciedlaj\u0105c kompromis w ramach marynarki wojennej.<\/p>\n\n\n\n<p>Skrajnie prawicowe grupy, w tym powstaj\u0105ca partia nazistowska, wyra\u017anie odrzuca\u0142y republika\u0144ski tr\u00f3jkolor, postrzegaj\u0105c go jako symbol narodowego upokorzenia po kl\u0119sce Niemiec w I wojnie \u015bwiatowej. Czer\u0144, czerwie\u0144 i z\u0142oto kojarzy\u0142y im si\u0119 z \u201clistopadowymi zbrodniarzami\u201d, kt\u00f3rzy podpisali rozejm w 1918 roku i traktat wersalski w 1919 roku. Ta polaryzacja wok\u00f3\u0142 symboli narodowych odzwierciedla\u0142a g\u0142\u0119bsze podzia\u0142y w niemieckim spo\u0142ecze\u0144stwie w epoce weimarskiej.<\/p>\n\n\n\n<p>Kontrowersje wok\u00f3\u0142 flagi z tego okresu pokazuj\u0105, jak symbole narodowe mog\u0105 sta\u0107 si\u0119 polem bitwy dla konkuruj\u0105cych ze sob\u0105 wizji to\u017csamo\u015bci narodowej. Gdy Republika Weimarska stan\u0119\u0142a w obliczu kryzysu gospodarczego, politycznego ekstremizmu i rosn\u0105cego rozczarowania pod koniec lat 20. i na pocz\u0105tku lat 30. ubieg\u0142ego wieku, status flagi narodowej coraz bardziej odzwierciedla\u0142 niepewn\u0105 pozycj\u0119 samej niemieckiej demokracji. Czarny, czerwony i z\u0142oty tr\u00f3jkolor, cho\u0107 prawnie ustanowiony, pozostawa\u0142 kwestionowany przez ca\u0142y ten burzliwy okres niemieckiej historii.<\/p>\n\n\n\n<h2 class=\"wp-block-heading\" id=\"the-nazi-period-1933-1945\">Okres nazistowski (1933-1945)<\/h2>\n\n\n\n<h3 class=\"wp-block-heading\" id=\"abandonment-of-black-red-and-gold\">Porzucenie czerni, czerwieni i z\u0142ota<\/h3>\n\n\n\n<p>Kiedy Adolf Hitler zosta\u0142 kanclerzem Niemiec 30 stycznia 1933 roku, los flagi weimarskiej zosta\u0142 szybko przypiecz\u0119towany. Re\u017cim nazistowski natychmiast rozpocz\u0105\u0142 demonta\u017c demokratycznych instytucji i symboli, w tym czarnego, czerwonego i z\u0142otego tr\u00f3jkoloru, kt\u00f3ry reprezentowa\u0142 warto\u015bci republika\u0144skie. 12 marca 1933 roku, zaledwie sze\u015b\u0107 tygodni po przej\u0119ciu w\u0142adzy i jeden dzie\u0144 po marcowych wyborach, Hitler wyda\u0142 dekret ustanawiaj\u0105cy dwie oficjalne flagi narodowe: flag\u0119 partii nazistowskiej ze swastyk\u0105 oraz stary cesarski tr\u00f3jkolorowy czarno-bia\u0142o-czerwony.<\/p>\n\n\n\n<p>Dekret o podw\u00f3jnej fladze stanowi\u0142 faz\u0119 przej\u015bciow\u0105 w nazistowskiej konsolidacji w\u0142adzy. Przywracaj\u0105c cesarskie barwy obok sztandaru partii, nazi\u015bci apelowali do konserwatywnych nacjonalist\u00f3w, przygotowuj\u0105c si\u0119 jednocze\u015bnie do pe\u0142nej kontroli ideologicznej. Kombinacja czerni, czerwieni i z\u0142ota zosta\u0142a wyra\u017anie odrzucona, a nazistowska propaganda przedstawia\u0142a te kolory jako symbole s\u0142abo\u015bci, demokratycznej dekadencji i zdrady narodowej. Wywieszanie flagi weimarskiej zosta\u0142o skutecznie uznane za przest\u0119pstwo, a obywatelom grozi\u0142o aresztowanie za okazywanie wierno\u015bci republika\u0144skim barwom.<\/p>\n\n\n\n<h3 class=\"wp-block-heading\" id=\"the-swastika-flag\">Flaga ze swastyk\u0105<\/h3>\n\n\n\n<p>15 wrze\u015bnia 1935 roku, na wiecu partii nazistowskiej w Norymberdze, re\u017cim og\u0142osi\u0142, \u017ce flaga ze swastyk\u0105 stanie si\u0119 jedyn\u0105 flag\u0105 narodow\u0105 Niemiec. Flaga ta zawiera\u0142a czarn\u0105 swastyk\u0119 na bia\u0142ym okr\u0105g\u0142ym tle, wy\u015brodkowan\u0105 na czerwonym polu. Projekt powsta\u0142 jako flaga partyjna Narodowosocjalistycznej Niemieckiej Partii Robotniczej (NSDAP) w 1920 roku, stworzona przez samego Hitlera zgodnie z nazistowsk\u0105 mitologi\u0105.<\/p>\n\n\n\n<p>Kolory zawiera\u0142y elementy tradycji flagi cesarskiej, z czerni\u0105, biel\u0105 i czerwieni\u0105 u\u0142o\u017conymi w nowej konfiguracji. Ideologia nazistowska przypisa\u0142a tym elementom okre\u015blone znaczenie: czerwie\u0144 reprezentowa\u0142a spo\u0142eczn\u0105 ide\u0119 nazizmu, biel oznacza\u0142a niemieck\u0105 ideologi\u0119 nacjonalistyczn\u0105, a swastyka symbolizowa\u0142a misj\u0119 \u201crasy aryjskiej\u201d. Flaga sta\u0142a si\u0119 wszechobecna w ca\u0142ym niemieckim spo\u0142ecze\u0144stwie, wywieszana na wszystkich budynkach rz\u0105dowych, szko\u0142ach i przestrzeniach publicznych. Oczekiwano, \u017ce obywatele b\u0119d\u0105 wywiesza\u0107 flag\u0119 podczas \u015bwi\u0105t narodowych i nazistowskich uroczysto\u015bci, co czyni\u0142o j\u0105 najbardziej widocznym symbolem totalitarnego pa\u0144stwa.<\/p>\n\n\n\n<h3 class=\"wp-block-heading\" id=\"suppression-of-democratic-symbols\">T\u0142umienie symboli demokratycznych<\/h3>\n\n\n\n<p>Re\u017cim nazistowski systematycznie eliminowa\u0142 wszelkie wizualne odniesienia do demokratycznych tradycji Niemiec. Kolory czarny, czerwony i z\u0142oty znikn\u0119\u0142y z \u017cycia publicznego, a posiadanie takich przedmiot\u00f3w potencjalnie prowadzi\u0142o do inwigilacji, przes\u0142ucha\u0144 lub gorzej. Re\u017cim przerobi\u0142 podr\u0119czniki historii, aby zminimalizowa\u0107 lub oczerni\u0107 ruchy demokratyczne z 1848 i 1918 roku, zamiast tego podkre\u015blaj\u0105c narracj\u0119 o narodowym przeznaczeniu, kt\u00f3rej kulminacj\u0105 by\u0142y rz\u0105dy nazist\u00f3w.<\/p>\n\n\n\n<p>T\u0142umienie to obj\u0119\u0142o nie tylko flagi, ale wszystkie sfery \u017cycia publicznego. Re\u017cim zast\u0105pi\u0142 demokratyczne god\u0142a pa\u0144stwowe, przeprojektowa\u0142 walut\u0119 i znaczki pocztowe oraz stworzy\u0142 nowe \u015bwi\u0119ta narodowe skoncentrowane na ideologii nazistowskiej. Rz\u0105d przeprowadzi\u0142 publiczne palenie ksi\u0105\u017cek uznanych za niezgodne z ideologi\u0105 nazistowsk\u0105, w tym literatury zwi\u0105zanej z tradycjami demokratycznymi. Poprzez te dzia\u0142ania re\u017cim pr\u00f3bowa\u0142 wymaza\u0107 ze \u015bwiadomo\u015bci spo\u0142ecznej wizualne dziedzictwo niemieckiej demokracji.<\/p>\n\n\n\n<p>Psychologiczny wp\u0142yw tej wizualnej transformacji by\u0142 nie do przecenienia. W niezwykle kr\u00f3tkim czasie symboliczny krajobraz niemieckiego spo\u0142ecze\u0144stwa uleg\u0142 ca\u0142kowitej zmianie, wzmacniaj\u0105c nazistowski monopol na w\u0142adz\u0119 poprzez ci\u0105g\u0142e wizualne przypomnienia o autorytecie re\u017cimu. Kiedy Niemcy przyst\u0105pi\u0142y do II wojny \u015bwiatowej w 1939 roku, flaga ze swastyk\u0105 zacz\u0119\u0142a by\u0107 kojarzona z podbojem militarnym, poniewa\u017c si\u0142y niemieckie umie\u015bci\u0142y j\u0105 na okupowanych terytoriach w ca\u0142ej Europie.<\/p>\n\n\n\n<div class=\"wp-block-greenshift-blocks-container gspb_container gspb_container-gsbp-bf98bd1\" id=\"gspb_container-id-gsbp-bf98bd1\"><a class=\"gspb-containerlink\" href=\"https:\/\/cosmoflag.com\/pl\/produkt\/flaga-francji\/\" rel=\"noopener\"><\/a>\n<div class=\"wp-block-greenshift-blocks-row gspb_row gspb_row-id-gsbp-828175b gspb_row--gutter-custom-0\" id=\"gspb_row-id-gsbp-828175b\"><div class=\"gspb_row__content\"> \n<div class=\"wp-block-greenshift-blocks-row-column gspb_row__col--6 gspb_row__col--md-12 gspb_col-id-gsbp-6cd4027\" id=\"gspb_col-id-gsbp-6cd4027\">\n<div id=\"gspb_text-id-gsbp-59d5c80\" class=\"gspb_text gspb_text-id-gsbp-59d5c80\">Lataj z dum\u0105 w barwach Niemiec<\/div>\n\n\n\n<div id=\"gspb_text-id-gsbp-21deaca\" class=\"gspb_text gspb_text-id-gsbp-21deaca\">Poka\u017c swoje wsparcie lub uczcij swoje dziedzictwo dzi\u0119ki naszym wysokiej jako\u015bci flagom niemieckim.<\/div>\n\n\n\n<div class=\"gspb_button_wrapper gspb_button-id-gsbp-af5a192\" id=\"gspb_button-id-gsbp-af5a192\"><a class=\"wp-block-greenshift-blocks-buttonbox gspb-buttonbox wp-element-button\" href=\"https:\/\/cosmoflag.com\/pl\/produkt\/flaga-niemiec\/\" rel=\"noopener\"><span class=\"gspb-buttonbox-textwrap\"><span class=\"gspb-buttonbox-text\"><span class=\"gspb-buttonbox-title\">Zam\u00f3w teraz<\/span><\/span><span class=\"gspb-buttonbox-icon\"><svg xmlns=\"http:\/\/www.w3.org\/2000\/svg\" style=\"width:5rem;height:5rem;margin:10px\" viewbox=\"0 0 24 24\"><path fill-rule=\"evenodd\" d=\"M24 0v22.78h-2.87V4.9L2.03 24 0 21.97l19.1-19.1H1.26V0H24Z\"><\/path><\/svg><\/span><\/span><\/a><\/div>\n<\/div>\n\n\n\n<div class=\"wp-block-greenshift-blocks-row-column gspb_row__col--6 gspb_row__col--md-12 gspb_col-id-gsbp-3a421a0\" id=\"gspb_col-id-gsbp-3a421a0\">\n<div class=\"wp-block-greenshift-blocks-image gspb_image gspb_image-id-gsbp-fcc65a5\" id=\"gspb_image-id-gsbp-fcc65a5\"><a href=\"https:\/\/cosmoflag.com\/pl\/produkt\/flaga-niemiec\/\" ><img decoding=\"async\" src=\"https:\/\/cosmoflag.com\/wp-content\/uploads\/2024\/12\/Germany-Flag.jpg\" data-src=\"\" alt=\"Flaga Niemiec\" loading=\"lazy\" width=\"800\" height=\"800\"\/><\/a><\/div>\n<\/div>\n <\/div><\/div>\n<\/div>\n\n\n\n<h2 class=\"wp-block-heading\" id=\"post-war-division-1945-1990\">Podzia\u0142 powojenny (1945-1990)<\/h2>\n\n\n\n<h3 class=\"wp-block-heading\" id=\"two-german-flags\">Dwie niemieckie flagi<\/h3>\n\n\n\n<p>Po kl\u0119sce Niemiec w II wojnie \u015bwiatowej i upadku nazistowskiego re\u017cimu, kraj ten stan\u0105\u0142 w obliczu ca\u0142kowitej transformacji politycznej pod okupacj\u0105 aliant\u00f3w. Flaga ze swastyk\u0105 zosta\u0142a natychmiast zakazana, tworz\u0105c symboliczn\u0105 pr\u00f3\u017cni\u0119 w kraju podzielonym na strefy okupacyjne. Wraz z nasileniem si\u0119 napi\u0119\u0107 zimnowojennych, Niemcy podzieli\u0142y si\u0119 na dwa odr\u0119bne pa\u0144stwa: Republik\u0119 Federaln\u0105 Niemiec (Niemcy Zachodnie) w 1949 roku i Niemieck\u0105 Republik\u0119 Demokratyczn\u0105 (Niemcy Wschodnie) wkr\u00f3tce potem.<\/p>\n\n\n\n<p>Oba pa\u0144stwa niemieckie wybra\u0142y czarny, czerwony i z\u0142oty tr\u00f3jkolor jako swoj\u0105 flag\u0119 narodow\u0105, odzyskuj\u0105c te kolory ze swoich demokratycznych tradycji. Ten wsp\u00f3lny wyb\u00f3r odzwierciedla\u0142 konkuruj\u0105ce ze sob\u0105 roszczenia do prawowitej niemieckiej pa\u0144stwowo\u015bci i demokratycznego dziedzictwa. Niemcy Zachodnie przyj\u0119\u0142y prost\u0105 tr\u00f3jkolorow\u0105 flag\u0119 poziom\u0105 23 maja 1949 r. jako cz\u0119\u015b\u0107 swojej ustawy zasadniczej (konstytucji). Niemcy Wschodnie pocz\u0105tkowo u\u017cywa\u0142y tej samej flagi, ale wkr\u00f3tce stara\u0142y si\u0119 wizualnie odr\u00f3\u017cni\u0107 od swojego zachodniego odpowiednika.<\/p>\n\n\n\n<h3 class=\"wp-block-heading\" id=\"modifications-and-distinctions\">Modyfikacje i wyr\u00f3\u017cnienia<\/h3>\n\n\n\n<p>W 1959 r. Niemcy Wschodnie zmodyfikowa\u0142y swoj\u0105 flag\u0119, dodaj\u0105c herb na \u015brodku. God\u0142o to zawiera\u0142o m\u0142otek i kompas otoczone pier\u015bcieniem \u017cyta, symbolizuj\u0105ce sojusz robotnik\u00f3w, inteligencji i rolnik\u00f3w w socjalizmie. Dodatek ten przekszta\u0142ci\u0142 identyczne flagi w odr\u0119bne symbole narodowe, umo\u017cliwiaj\u0105c natychmiastow\u0105 identyfikacj\u0119 wizualn\u0105 w\u0142asno\u015bci pa\u0144stwowej Niemiec Wschodnich, dokument\u00f3w i przedstawicielstw dyplomatycznych.<\/p>\n\n\n\n<p>Niemcy Zachodnie utrzyma\u0142y tr\u00f3jkolorow\u0105 flag\u0119 przez ca\u0142y ten okres, \u0142\u0105cz\u0105c swoj\u0105 to\u017csamo\u015b\u0107 z demokratycznymi tradycjami Republiki Weimarskiej i rewolucjonist\u00f3w z 1848 roku. W\u0142adze zachodnioniemieckie uwa\u017ca\u0142y swoj\u0105 wersj\u0119 za autentyczn\u0105 flag\u0119 narodow\u0105, postrzegaj\u0105c wschodnioniemieckie modyfikacje jako ideologiczne przyw\u0142aszczenie. Stanowisko to by\u0142o zgodne z szerszym roszczeniem Niemiec Zachodnich do bycia jedynym prawowitym przedstawicielem narodu niemieckiego, znanym jako Doktryna Hallsteina, kt\u00f3ra zdominowa\u0142a polityk\u0119 zagraniczn\u0105 Niemiec Zachodnich do wczesnych lat 70-tych.<\/p>\n\n\n\n<h3 class=\"wp-block-heading\" id=\"symbolic-meaning-during-the-cold-war\">Symboliczne znaczenie podczas zimnej wojny<\/h3>\n\n\n\n<p>Przez ca\u0142y okres zimnej wojny dwie niemieckie flagi reprezentowa\u0142y konkuruj\u0105ce ze sob\u0105 wizje niemieckiej to\u017csamo\u015bci i legitymacji politycznej. Dla Niemiec Zachodnich niezmodyfikowany tr\u00f3jkolorowy symbolizowa\u0142 zaanga\u017cowanie w demokracj\u0119 parlamentarn\u0105, wolno\u015b\u0107 jednostki oraz integracj\u0119 z Europ\u0105 Zachodni\u0105 i NATO. Flaga ta powiewa\u0142a obok flag zachodnich sojusznik\u00f3w i europejskich partner\u00f3w, reprezentuj\u0105c pozycj\u0119 Niemiec Zachodnich w bloku demokratycznym.<\/p>\n\n\n\n<p>W Niemczech Wschodnich zmodyfikowana flaga reprezentowa\u0142a socjalistyczny internacjonalizm, sojusz ze Zwi\u0105zkiem Radzieckim i to, co rz\u0105d okre\u015bli\u0142 jako \u201cprawdziwy istniej\u0105cy socjalizm\u201d. Pa\u0144stwo promowa\u0142o flag\u0119 poprzez organizacje m\u0142odzie\u017cowe, uroczysto\u015bci publiczne i szeroko zakrojon\u0105 propagand\u0119 podkre\u015blaj\u0105c\u0105 socjalistyczny charakter narodowo\u015bci wschodnioniemieckiej. Flaga pojawia\u0142a si\u0119 obok flag innych kraj\u00f3w Uk\u0142adu Warszawskiego na oficjalnych uroczysto\u015bciach, zawodach sportowych i wydarzeniach mi\u0119dzynarodowych.<\/p>\n\n\n\n<p>Dla Niemc\u00f3w mieszkaj\u0105cych po obu stronach podzielonego narodu flagi te sta\u0142y si\u0119 codziennym przypomnieniem podzia\u0142u narodowego. Na mi\u0119dzynarodowych imprezach sportowych pojawienie si\u0119 dw\u00f3ch niemieckich flag wizualnie wzmacnia\u0142o polityczn\u0105 rzeczywisto\u015b\u0107 separacji. Flagi pojawia\u0142y si\u0119 na przej\u015bciach granicznych mi\u0119dzy Wschodem a Zachodem, symbolizuj\u0105c nie tylko r\u00f3\u017cne terytoria, ale tak\u017ce odmienne systemy polityczne i sposoby \u017cycia.<\/p>\n\n\n\n<p>Z biegiem lat zmodyfikowana flaga NRD sta\u0142a si\u0119 mniej symbolem ideologicznego rozr\u00f3\u017cnienia, a bardziej po prostu znanym god\u0142em narodowym dla obywateli NRD. Kiedy Niemcy z obu kraj\u00f3w spotykali si\u0119 podczas mi\u0119dzynarodowych wydarze\u0144 lub rzadkich wizyt rodzinnych, flagi reprezentowa\u0142y namacaln\u0105 rzeczywisto\u015b\u0107 narodu podzielonego na tle globalnego konfliktu ideologicznego.<\/p>\n\n\n\n<h2 class=\"wp-block-heading\" id=\"reunification-and-modern-era-1990-present\">Zjednoczenie i era wsp\u00f3\u0142czesna (1990-obecnie)<\/h2>\n\n\n\n<h3 class=\"wp-block-heading\" id=\"restoration-of-the-united-flag\">Przywr\u00f3cenie Zjednoczonej Flagi<\/h3>\n\n\n\n<p>Upadek muru berli\u0144skiego w listopadzie 1989 r. zapocz\u0105tkowa\u0142 szybk\u0105 sekwencj\u0119 wydarze\u0144 prowadz\u0105cych do zjednoczenia Niemiec. Gdy rz\u0105d wschodnioniemiecki upad\u0142 w wyniku pokojowej rewolucji, kwestie symboli narodowych nabra\u0142y natychmiastowego praktycznego znaczenia. Podczas demonstracji pod koniec 1989 r. i na pocz\u0105tku 1990 r. wielu wschodnioniemieckich protestuj\u0105cych celowo wyci\u0119\u0142o god\u0142o pa\u0144stwowe ze swoich flag, tworz\u0105c pot\u0119\u017cne wizualne o\u015bwiadczenie odrzucaj\u0105ce pa\u0144stwo socjalistyczne, a jednocze\u015bnie obejmuj\u0105ce zjednoczenie na zasadach demokratycznych.<\/p>\n\n\n\n<p>Kiedy 3 pa\u017adziernika 1990 r. dosz\u0142o do formalnego zjednoczenia, niezmodyfikowany tr\u00f3jkolor czarny, czerwony i z\u0142oty sta\u0142 si\u0119 flag\u0105 narodow\u0105 zjednoczonych Niemiec. Wyb\u00f3r ten reprezentowa\u0142 zar\u00f3wno ci\u0105g\u0142o\u015b\u0107 z zachodnioniemieckimi instytucjami demokratycznymi, jak i ponowne po\u0142\u0105czenie ze wsp\u00f3lnymi tradycjami historycznymi z 1848 i 1919 roku. Decyzja o utrzymaniu prostego tr\u00f3jkoloru zamiast tworzenia nowego projektu podkre\u015bli\u0142a, \u017ce zjednoczenie stanowi\u0142o przyst\u0105pienie terytori\u00f3w wschodnioniemieckich do istniej\u0105cej Republiki Federalnej, a nie utworzenie zupe\u0142nie nowego pa\u0144stwa.<\/p>\n\n\n\n<h3 class=\"wp-block-heading\" id=\"legal-protection\">Ochrona prawna<\/h3>\n\n\n\n<p>Zjednoczone Niemcy utrzyma\u0142y siln\u0105 ochron\u0119 prawn\u0105 symboli narodowych ustanowionych na mocy prawa zachodnioniemieckiego. Flaga otrzyma\u0142a status konstytucyjny na mocy art. 22 Ustawy Zasadniczej, kt\u00f3ry wyra\u017anie stanowi: \u201cFlaga federalna jest czarna, czerwona i z\u0142ota\u201d. Niemieckie prawo zabrania zniekszta\u0142cania lub oczerniania symboli narodowych, a szczeg\u00f3lne przepisy zabraniaj\u0105 ich niew\u0142a\u015bciwego wykorzystywania. Ochrona ta odzwierciedla zaanga\u017cowanie Niemiec w demokratyczne instytucje i \u015bwiadomo\u015b\u0107 tego, jak symbole narodowe by\u0142y manipulowane w okresie nazistowskim.<\/p>\n\n\n\n<p>Po zjednoczeniu Niemcy utrzyma\u0142y r\u00f3wnie\u017c surowe zakazy dotycz\u0105ce symboli nazistowskich, w tym flagi ze swastyk\u0105. W przeciwie\u0144stwie do niekt\u00f3rych kraj\u00f3w, w kt\u00f3rych ochrona wolno\u015bci s\u0142owa mo\u017ce zezwala\u0107 na takie pokazy, niemieckie prawo wyra\u017anie kryminalizuje publiczne u\u017cywanie symboli zakazanych organizacji. Podej\u015bcie to odzwierciedla zaanga\u017cowanie Niemiec w konfrontacj\u0119 z trudn\u0105 przesz\u0142o\u015bci\u0105, zamiast pozwala\u0107 potencjalnie niebezpiecznym ideologiom na ponowne pojawienie si\u0119 pod przykrywk\u0105 zainteresowania historycznego lub wolno\u015bci s\u0142owa.<\/p>\n\n\n\n<h3 class=\"wp-block-heading\" id=\"contemporary-significance\">Wsp\u00f3\u0142czesne znaczenie<\/h3>\n\n\n\n<p>Wsp\u00f3\u0142czesna flaga Niemiec ma z\u0142o\u017cone znaczenie dla obywateli zjednoczonej republiki. Dla wielu Niemc\u00f3w, zw\u0142aszcza tych, kt\u00f3rzy prze\u017cyli podzia\u0142, tr\u00f3jkolorowy symbolizuje osi\u0105gni\u0119cie jedno\u015bci narodowej i triumf warto\u015bci demokratycznych po dziesi\u0119cioleciach separacji. Flaga pojawia si\u0119 w widocznym miejscu podczas uroczysto\u015bci pa\u0144stwowych, zw\u0142aszcza w Dniu Jedno\u015bci Niemiec (3 pa\u017adziernika) upami\u0119tniaj\u0105cym zjednoczenie.<\/p>\n\n\n\n<p>Jednak stosunek Niemiec do symboli narodowych r\u00f3\u017cni si\u0119 znacznie od wielu innych kraj\u00f3w. Ze wzgl\u0119du na historyczne skojarzenia z agresywnym nacjonalizmem, szczeg\u00f3lnie w okresie nazistowskim, Niemcy tradycyjnie wykazywa\u0142y wi\u0119ksz\u0105 pow\u015bci\u0105gliwo\u015b\u0107 w u\u017cywaniu flag w por\u00f3wnaniu do kraj\u00f3w takich jak Stany Zjednoczone czy Francja. Zmieni\u0142o si\u0119 to nieco podczas Mistrzostw \u015awiata w Pi\u0142ce No\u017cnej 2006, kt\u00f3re odby\u0142y si\u0119 w Niemczech, kiedy to wielu obywateli przyj\u0119\u0142o wywieszanie flag jako wyraz bardziej zrelaksowanej, pewnej siebie to\u017csamo\u015bci narodowej w zjednoczonej Europie.<\/p>\n\n\n\n<p>Dzi\u015b czarny, czerwony i z\u0142oty tr\u00f3jkolorowy kolor pojawia si\u0119 w widocznym miejscu na budynkach rz\u0105dowych, podczas oficjalnych ceremonii i mi\u0119dzynarodowych wydarze\u0144 sportowych. Reprezentuje Niemcy zaanga\u017cowane w integracj\u0119 europejsk\u0105, warto\u015bci demokratyczne i wsp\u00f3\u0142prac\u0119 mi\u0119dzynarodow\u0105. Flaga symbolizuje nie tylko suwerenno\u015b\u0107 narodow\u0105, ale tak\u017ce transformacj\u0119 Niemiec z podzielonego, rozdartego wojn\u0105 narodu w zjednoczone demokratyczne pa\u0144stwo i pot\u0119g\u0119 gospodarcz\u0105 w Unii Europejskiej.<\/p>\n\n\n\n<p>Dla m\u0142odszych pokole\u0144 urodzonych po zjednoczeniu flaga coraz cz\u0119\u015bciej reprezentuje Niemcy zdefiniowane przez ich demokratyczn\u0105 tera\u017aniejszo\u015b\u0107, a nie podzielon\u0105 przesz\u0142o\u015b\u0107. Zachowuj\u0105c \u015bwiadomo\u015b\u0107 historycznych zawi\u0142o\u015bci, wielu wsp\u00f3\u0142czesnych Niemc\u00f3w postrzega swoje barwy narodowe jako odpowiednie symbole udanej, pokojowej republiki zintegrowanej z szersz\u0105 spo\u0142eczno\u015bci\u0105 europejsk\u0105.<\/p>\n\n\n\n<h2 class=\"wp-block-heading\" id=\"design-and-specifications\">Konstrukcja i specyfikacja<\/h2>\n\n\n\n<h3 class=\"wp-block-heading\" id=\"official-colors-and-proportions\">Oficjalne kolory i proporcje<\/h3>\n\n\n\n<p>Niemiecka flaga sk\u0142ada si\u0119 z trzech r\u00f3wnych poziomych pas\u00f3w w kolorze czarnym (g\u00f3ra), czerwonym (\u015brodek) i z\u0142otym (d\u00f3\u0142). Kolory te s\u0105 precyzyjnie zdefiniowane w \u201cPodr\u0119czniku projektowania korporacyjnego rz\u0105du federalnego\u201d, aby zapewni\u0107 sp\u00f3jno\u015b\u0107 we wszystkich oficjalnych zastosowaniach. Dok\u0142adne specyfikacje kolor\u00f3w to:<\/p>\n\n\n\n<p>Czarny: RAL 9005 (czarny Jet)<br>Czerwony: RAL 3020 (czerwony drogowy)<br>Z\u0142oty: RAL 1021 (\u017c\u00f3\u0142ty rzepakowy)<\/p>\n\n\n\n<p>Flaga zachowuje proporcje 3:5, co oznacza, \u017ce na ka\u017cde 3 jednostki wysoko\u015bci przypada 5 jednostek d\u0142ugo\u015bci. Ta standaryzacja zapewnia sp\u00f3jno\u015b\u0107 wizualn\u0105 niezale\u017cnie od tego, czy flaga pojawia si\u0119 na budynkach rz\u0105dowych, misjach dyplomatycznych czy oficjalnych dokumentach. W przypadku oficjalnych okazji pa\u0144stwowych, federalna flaga s\u0142u\u017cbowa (Bundesdienstflagge) zawiera niemiecki herb (Orze\u0142 Federalny) wy\u015brodkowany na tr\u00f3jkolorowym tle, cho\u0107 ta wersja jest zarezerwowana wy\u0142\u0105cznie dla rz\u0105du federalnego.<\/p>\n\n\n\n<h3 class=\"wp-block-heading\" id=\"proper-display-guidelines\">Wytyczne dotycz\u0105ce prawid\u0142owego wy\u015bwietlania<\/h3>\n\n\n\n<p>Niemieckie prawo zawiera szczeg\u00f3\u0142owe wytyczne dotycz\u0105ce odpowiedniego eksponowania flagi narodowej. Gdy flaga wy\u015bwietlana jest pionowo, czarny pas powinien znajdowa\u0107 si\u0119 po lewej stronie z perspektywy widza. W przypadku wy\u015bwietlania wielu flag, konkretne protoko\u0142y okre\u015blaj\u0105 ich po\u0142o\u017cenie: podczas spotka\u0144 dwustronnych niemiecka flaga zwykle pojawia si\u0119 po prawej stronie flagi kraju go\u015bcia z perspektywy widza, podczas gdy w ustawieniach wielostronnych flagi zazwyczaj s\u0105 uporz\u0105dkowane alfabetycznie zgodnie z lokalnym j\u0119zykiem.<\/p>\n\n\n\n<p>W okre\u015blonych dniach flagi mog\u0105 by\u0107 wywieszane do po\u0142owy masztu zgodnie z wytycznymi rz\u0105du, w szczeg\u00f3lno\u015bci w corocznym Dniu Pami\u0119ci Ofiar Narodowego Socjalizmu (27 stycznia) i Narodowym Dniu \u017ba\u0142oby (Volkstrauertag). Podczas takich uroczysto\u015bci flaga jest najpierw podnoszona do g\u00f3ry, a nast\u0119pnie opuszczana do po\u0142owy masztu.<\/p>\n\n\n\n<p>Podczas gdy w Niemczech brakuje obszernego kodeksu flagowego, kt\u00f3ry mo\u017cna znale\u017a\u0107 w krajach takich jak Stany Zjednoczone, obowi\u0105zuj\u0105 og\u00f3lne zasady szacunku. Flaga nigdy nie powinna dotyka\u0107 ziemi, nie powinna by\u0107 wykorzystywana do cel\u00f3w komercyjnych w spos\u00f3b, kt\u00f3ry m\u00f3g\u0142by umniejszy\u0107 jej godno\u015b\u0107 i powinna by\u0107 z szacunkiem usuwana, gdy jest zu\u017cyta lub uszkodzona.<\/p>\n\n\n\n<h3 class=\"wp-block-heading\" id=\"variants-and-related-flags\">Warianty i powi\u0105zane flagi<\/h3>\n\n\n\n<p>Istnieje kilka oficjalnych wariant\u00f3w niemieckiej flagi do okre\u015blonych cel\u00f3w rz\u0105dowych i wojskowych. Federalna flaga s\u0142u\u017cbowa, z god\u0142em or\u0142a, s\u0142u\u017cy jako standard rz\u0105dowy. Niemiecka flaga marynarki wojennej zawiera barwy narodowe z charakterystycznym krzy\u017cem i or\u0142em federalnym. Jednostki wojskowe nosz\u0105 specjalne flagi ceremonialne (Truppenfahnen), kt\u00f3re zawieraj\u0105 barwy narodowe z insygniami specyficznymi dla jednostki.<\/p>\n\n\n\n<p>Szesna\u015bcie niemieckich kraj\u00f3w zwi\u0105zkowych (Bundesl\u00e4nder) posiada w\u0142asne flagi z charakterystycznymi wzorami odzwierciedlaj\u0105cymi regionaln\u0105 histori\u0119 i to\u017csamo\u015b\u0107. Obejmuj\u0105 one zar\u00f3wno proste dwu- lub tr\u00f3jkolorowe wzory, jak i bardziej z\u0142o\u017cone emblematy zawieraj\u0105ce historyczne herby. Flagi pa\u0144stwowe powiewaj\u0105 obok flagi narodowej na budynkach rz\u0105dowych w ka\u017cdym kraju zwi\u0105zkowym, wizualnie reprezentuj\u0105c federalny system rz\u0105d\u00f3w w Niemczech.<\/p>\n\n\n\n<p>Niemiecka flaga mia\u0142a r\u00f3wnie\u017c wp\u0142yw na inne flagi narodowe w ca\u0142ej historii. Podczas zimnej wojny kilka afryka\u0144skich kraj\u00f3w przyj\u0119\u0142o czarno-czerwono-z\u0142ot\u0105 kolorystyk\u0119 po uzyskaniu niepodleg\u0142o\u015bci, cz\u0119sto odzwierciedlaj\u0105c zar\u00f3wno wp\u0142ywy niemieckie, jak i lokaln\u0105 symbolik\u0119. Kolory te pojawiaj\u0105 si\u0119 na flagach Ugandy, Angoli i Belgii, cho\u0107 zazwyczaj u\u0142o\u017cone s\u0105 w r\u00f3\u017cne wzory i reprezentuj\u0105 r\u00f3\u017cne historie narodowe.<\/p>\n\n\n\n<p>Standaryzacja projektu i wy\u015bwietlania flagi odzwierciedla systematyczne podej\u015bcie Niemiec do symboli narodowych, zapewniaj\u0105c sp\u00f3jn\u0105 reprezentacj\u0119 republiki zar\u00f3wno w kraju, jak i za granic\u0105, przy jednoczesnym zachowaniu powi\u0105za\u0144 z demokratycznymi tradycjami kraju.<\/p>\n\n\n\n<div class=\"wp-block-greenshift-blocks-container gspb_container gspb_container-gsbp-8a17c21\" id=\"gspb_container-id-gsbp-8a17c21\"><a class=\"gspb-containerlink\" href=\"https:\/\/cosmoflag.com\/pl\/produkt\/flaga-francji\/\" rel=\"noopener\"><\/a>\n<div class=\"wp-block-greenshift-blocks-row gspb_row gspb_row-id-gsbp-c51ea7a gspb_row--gutter-custom-0\" id=\"gspb_row-id-gsbp-c51ea7a\"><div class=\"gspb_row__content\"> \n<div class=\"wp-block-greenshift-blocks-row-column gspb_row__col--6 gspb_row__col--md-12 gspb_col-id-gsbp-c82dae9\" id=\"gspb_col-id-gsbp-c82dae9\">\n<div id=\"gspb_text-id-gsbp-80ffdf7\" class=\"gspb_text gspb_text-id-gsbp-80ffdf7\">Lataj z dum\u0105 w barwach Niemiec<\/div>\n\n\n\n<div id=\"gspb_text-id-gsbp-33832b3\" class=\"gspb_text gspb_text-id-gsbp-33832b3\">Poka\u017c swoje wsparcie lub uczcij swoje dziedzictwo dzi\u0119ki naszym wysokiej jako\u015bci flagom niemieckim.<\/div>\n\n\n\n<div class=\"gspb_button_wrapper gspb_button-id-gsbp-9226f97\" id=\"gspb_button-id-gsbp-9226f97\"><a class=\"wp-block-greenshift-blocks-buttonbox gspb-buttonbox wp-element-button\" href=\"https:\/\/cosmoflag.com\/pl\/produkt\/flaga-niemiec\/\" rel=\"noopener\"><span class=\"gspb-buttonbox-textwrap\"><span class=\"gspb-buttonbox-text\"><span class=\"gspb-buttonbox-title\">Zam\u00f3w teraz<\/span><\/span><span class=\"gspb-buttonbox-icon\"><svg xmlns=\"http:\/\/www.w3.org\/2000\/svg\" style=\"width:5rem;height:5rem;margin:10px\" viewbox=\"0 0 24 24\"><path fill-rule=\"evenodd\" d=\"M24 0v22.78h-2.87V4.9L2.03 24 0 21.97l19.1-19.1H1.26V0H24Z\"><\/path><\/svg><\/span><\/span><\/a><\/div>\n<\/div>\n\n\n\n<div class=\"wp-block-greenshift-blocks-row-column gspb_row__col--6 gspb_row__col--md-12 gspb_col-id-gsbp-d6a3659\" id=\"gspb_col-id-gsbp-d6a3659\">\n<div class=\"wp-block-greenshift-blocks-image gspb_image gspb_image-id-gsbp-ae2a2ef\" id=\"gspb_image-id-gsbp-ae2a2ef\"><a href=\"https:\/\/cosmoflag.com\/pl\/produkt\/flaga-niemiec\/\" ><img decoding=\"async\" src=\"https:\/\/cosmoflag.com\/wp-content\/uploads\/2024\/12\/Germany-Flag.jpg\" data-src=\"\" alt=\"Flaga Niemiec\" loading=\"lazy\" width=\"800\" height=\"800\"\/><\/a><\/div>\n<\/div>\n <\/div><\/div>\n<\/div>","protected":false},"excerpt":{"rendered":"<p>The black, red, and gold horizontal tricolor that represents Germany today stands as a powerful emblem of national identity, democratic values, and historical resilience. This distinctive flag has witnessed the complex transformation of German statehood through centuries of political turbulence, revolution, division, and ultimately, reunification. Unlike many national flags with relatively straightforward histories, Germany&#8217;s tricolor [&hellip;]<\/p>\n","protected":false},"author":1,"featured_media":2973,"comment_status":"open","ping_status":"open","sticky":false,"template":"","format":"standard","meta":{"_gspb_post_css":"#gspb_accordion-id-gsbp-0ad3d5b .gs-accordion-item.gsclose>.gs-accordion-item__content{overflow:hidden;opacity:0}#gspb_accordion-id-gsbp-0ad3d5b .gs-accordion-item.gsopen>.gs-accordion-item__content{opacity:1;max-height:5000px}#gspb_accordion-id-gsbp-0ad3d5b .gs-accordion-item>.gs-accordion-item__title>.gs-accordion-item__heading{outline:0;text-decoration:none;margin:0!important;padding:0!important;flex-grow:1}#gspb_accordion-id-gsbp-0ad3d5b .gs-accordion-item>.gs-accordion-item__title{z-index:1;margin:0;cursor:pointer;transition:all .3s ease-in-out;position:relative;display:flex;justify-content:space-between;align-items:center;flex-wrap:nowrap}#gspb_accordion-id-gsbp-0ad3d5b .gs-accordion-item>.gs-accordion-item__content{z-index:0;position:relative;max-height:0;will-change:max-height;transition:all .25s ease-out}#gspb_accordion-id-gsbp-0ad3d5b .gs-accordion-item>.gs-accordion-item__title{background-color:#f9f9f9;border-style:solid;border-width:1px;border-color:#00000012;font-size:24px;font-weight:700!important}#gspb_accordion-id-gsbp-0ad3d5b .gs-accordion-item__title>*{font-size:24px;font-weight:700!important}#gspb_accordion-id-gsbp-0ad3d5b .gs-accordion-item>.gs-accordion-item__content{background-color:#fff;border-style:solid;border-width:1px;border-color:#00000000 #00000012 #00000012}#gspb_accordion-id-gsbp-0ad3d5b .gs-accordion-item>.gs-accordion-item__title span.iconfortoggle{margin-left:15px}#gspb_accordion-id-gsbp-0ad3d5b .gs-accordion-item{margin-bottom:10px;box-shadow:0 2px 4px 0 rgba(0,0,0,.07)}#gspb_accordion-id-gsbp-0ad3d5b .gs-accordion-item>.gs-accordion-item__content>.gs-accordion-item__text,#gspb_accordion-id-gsbp-0ad3d5b .gs-accordion-item>.gs-accordion-item__title{padding:15px 20px}#gspb_accordion-id-gsbp-0ad3d5b span.iconfortoggle svg{height:16px!important;width:16px!important;min-width:16px!important;fill:currentColor!important;margin:0!important}#gspb_accordion-id-gsbp-0ad3d5b span.iconfortoggle svg path,#gspb_accordion-id-gsbp-0ad3d5b span.iconfortoggle svg:hover,#gspb_accordion-id-gsbp-0ad3d5b span.iconfortoggle svg:hover path{fill:currentColor!important}#gspb_accordion-id-gsbp-0ad3d5b .gs-accordion-item__title span.iconfortoggle{transition:transform .3s ease-in-out;display:inline-flex}#gspb_accordion-id-gsbp-0ad3d5b .gs-accordion-item__title span.iconfortoggle>*{vertical-align:top!important}#gspb_accordion-id-gsbp-0ad3d5b .gs-accordion-item.gsopen span.iconfortoggle{transform:rotate(90deg)}.gs-autolist{margin:15px 0 30px;border:1px solid #dddddd7d}.gs-autolist-item{padding:15px 15px 15px 5px;display:flex;align-items:center}.gs-autolist-title,.gs-autolist-title a{font-size:18px;line-height:24px;text-decoration:none}#gspb_toc-id-gsbp-766e0be .gs-autolist-item{background-color:#fff}#gspb_toc-id-gsbp-766e0be .gs-autolist-item:nth-child(2n){background-color:#eee}#gspb_toc-id-gsbp-766e0be .gs-autolist-title a{color:#000}#gspb_toc-id-gsbp-766e0be .gs-autolist-number{border-radius:50%;margin:0 20px 0 15px;text-align:center;font-weight:700;background-color:var(--wp--preset--color--palette-color-1, var(--theme-palette-color-1, #274C4F));color:#fff;height:25px;line-height:25px;width:25px;font-size:16px;min-width:25px}#gspb_toc-id-gsbp-766e0be .gs_sub_heading .gs-autolist-number{font-size:70%}.gspb_container-id-gsbp-11b6466,.gspb_container-id-gsbp-7a25250{flex-direction:column;box-sizing:border-box}#gspb_container-id-gsbp-11b6466.gspb_container>p:last-of-type,#gspb_container-id-gsbp-729d340.gspb_container>p:last-of-type,#gspb_container-id-gsbp-7a25250.gspb_container>p:last-of-type,#gspb_container-id-gsbp-8a17c21.gspb_container>p:last-of-type,#gspb_container-id-gsbp-9e29c38.gspb_container>p:last-of-type,#gspb_container-id-gsbp-bf98bd1.gspb_container>p:last-of-type{margin-bottom:0}#gspb_container-id-gsbp-7a25250.gspb_container{position:relative;padding:25px;background-color:var(--wp--preset--color--palette-color-6, var(--theme-palette-color-6, #EEF4F5))}#gspb_container-id-gsbp-7a25250.gspb_container,#gspb_container-id-gsbp-7a25250.gspb_container>.gspb_backgroundOverlay{border-top-left-radius:25px;border-top-right-radius:25px;border-bottom-right-radius:25px;border-bottom-left-radius:25px}#gspb_container-id-gsbp-11b6466.gspb_container{position:relative}#gspb_container-id-gsbp-11b6466.gspb_container .gspb-containerlink{position:absolute;top:0;left:0;right:0;bottom:0;z-index:1}#gspb_row-id-gsbp-be656f7{justify-content:space-between;margin-top:0;margin-bottom:0;display:flex;flex-wrap:wrap;padding:40px}#gspb_row-id-gsbp-be656f7>.gspb_row__content{display:flex;justify-content:space-between;margin:0 auto;width:100%;flex-wrap:wrap}div[id^=gspb_col-id]{box-sizing:border-box;position:relative;padding:var(--gs-row-column-padding, 15px min(3vw, 20px))}@media (max-width:991.98px){#gspb_row-id-gsbp-be656f7>.gspb_row__content{row-gap:40px}}@media (max-width:575.98px){#gspb_row-id-gsbp-be656f7>.gspb_row__content{row-gap:30px}}body.gspb-bodyfront #gspb_row-id-gsbp-be656f7>.gspb_row__content{width:var(--theme-container-width, 1200px);max-width:var(--theme-normal-container-max-width, 1200px)}@media (max-width:991.98px){#gspb_row-id-gsbp-be656f7{padding:50px}}@media (max-width:575.98px){#gspb_row-id-gsbp-be656f7{padding:50px 35px}}#gspb_row-id-gsbp-be656f7{background-color:var(--wp--preset--color--palette-color-1, var(--theme-palette-color-1, #274C4F))}#gspb_row-id-gsbp-be656f7,#gspb_row-id-gsbp-be656f7>.gspb_backgroundOverlay{border-top-left-radius:40px;border-top-right-radius:40px;border-bottom-right-radius:40px;border-bottom-left-radius:40px}body.gspb-bodyfront #gspb_row-id-gsbp-be656f7{z-index:3}#gspb_col-id-gsbp-cfd16a7.gspb_row__col--6{width:calc(50% - 50px)}@media (max-width:991.98px){#gspb_col-id-gsbp-cfd16a7.gspb_row__col--6{width:100%}}@media (max-width:767.98px){#gspb_col-id-gsbp-cfd16a7.gspb_row__col--6{width:calc(100% - 50px)}}@media (max-width:575.98px){#gspb_col-id-gsbp-cfd16a7.gspb_row__col--6{width:100%}}@media (min-width:992px){body.gspb-bodyfront #gspb_col-id-gsbp-cfd16a7.gspb_row__col--6{width:calc(55% - 0px - 50px)}}.gspb_row #gspb_col-id-gsbp-cfd16a7.gspb_row__col--6{padding:0}body #gspb_col-id-gsbp-cfd16a7.gspb_row__col--6{display:flex;flex-direction:column;justify-content:center}.gspb_text-id-gsbp-c16c4dd{font-size:24px}@media (max-width:575.98px){.gspb_text-id-gsbp-c16c4dd,.gspb_text-id-gsbp-c16c4dd .gsap-g-line{text-align:center!important}}.gspb_text-id-gsbp-c16c4dd{font-weight:800!important;color:var(--wp--preset--color--palette-color-8, var(--theme-palette-color-8, #ffffff));margin-bottom:10px!important}@media (max-width:991.98px){.gspb_text-id-gsbp-37f8b92,.gspb_text-id-gsbp-37f8b92 .gsap-g-line{text-align:center!important}}@media (max-width:575.98px){.gspb_text-id-gsbp-37f8b92,.gspb_text-id-gsbp-37f8b92 .gsap-g-line{text-align:center!important}}.gspb_text-id-gsbp-37f8b92{color:#ffffffc4;margin-bottom:30px!important}#gspb_button-id-gsbp-3887cf3{display:flex;justify-content:flex-start}#gspb_button-id-gsbp-3887cf3 .gspb-buttonbox-text{display:flex;flex-direction:column}#gspb_button-id-gsbp-3887cf3>.gspb-buttonbox{box-sizing:border-box}#gspb_button-id-gsbp-37fdd01>.gspb-buttonbox>.gspb-buttonbox-textwrap>.gspb-buttonbox-icon,#gspb_button-id-gsbp-3887cf3>.gspb-buttonbox>.gspb-buttonbox-textwrap>.gspb-buttonbox-icon,#gspb_button-id-gsbp-9226f97>.gspb-buttonbox>.gspb-buttonbox-textwrap>.gspb-buttonbox-icon,#gspb_button-id-gsbp-af5a192>.gspb-buttonbox>.gspb-buttonbox-textwrap>.gspb-buttonbox-icon,#gspb_button-id-gsbp-e8e2667>.gspb-buttonbox>.gspb-buttonbox-textwrap>.gspb-buttonbox-icon{display:flex}#gspb_button-id-gsbp-3887cf3>.gspb-buttonbox .gspb-buttonbox-icon svg{height:13px!important;width:13px!important;min-width:13px!important}@media (max-width:575.98px){#gspb_button-id-gsbp-3887cf3>.gspb-buttonbox .gspb-buttonbox-icon svg{height:10px!important;width:10px!important;min-width:10px!important}}#gspb_button-id-gsbp-3887cf3>.gspb-buttonbox .gspb-buttonbox-icon svg,#gspb_button-id-gsbp-3887cf3>.gspb-buttonbox .gspb-buttonbox-icon svg path{fill:currentColor!important}#gspb_button-id-gsbp-3887cf3>.gspb-buttonbox .gspb-buttonbox-icon svg{margin:0!important}#gspb_button-id-gsbp-3887cf3>.gspb-buttonbox>.gspb-buttonbox-textwrap{display:flex;flex-direction:row;align-items:center}#gspb_button-id-gsbp-3887cf3 .gspb-buttonbox-icon{margin-left:13px}@media (max-width:991.98px){#gspb_button-id-gsbp-3887cf3{justify-content:center}}#gspb_button-id-gsbp-3887cf3>.gspb-buttonbox{margin-bottom:0;background-color:var(--wp--preset--color--palette-color-8, var(--theme-palette-color-8, #ffffff));color:var(--wp--preset--color--palette-color-2, var(--theme-palette-color-2, #24417C))}#gspb_button-id-gsbp-3887cf3>.gspb-buttonbox:hover{background-color:var(--wp--preset--color--palette-color-6, var(--theme-palette-color-6, #EEF4F5))!important}#gspb_col-id-gsbp-13b47e2.gspb_row__col--6{width:calc(50% - 50px)}@media (max-width:991.98px){#gspb_col-id-gsbp-13b47e2.gspb_row__col--6{width:100%}}@media (max-width:767.98px){#gspb_col-id-gsbp-13b47e2.gspb_row__col--6{width:calc(100% - 50px)}}@media (max-width:575.98px){#gspb_col-id-gsbp-13b47e2.gspb_row__col--6{width:100%}}@media (min-width:992px){body.gspb-bodyfront #gspb_col-id-gsbp-13b47e2.gspb_row__col--6{width:calc(45% - 0px - 50px)}}@media (max-width:991.98px){#gspb_col-id-gsbp-13b47e2.gspb_row__col--6{order:-1}}.gspb_row #gspb_col-id-gsbp-13b47e2.gspb_row__col--6{padding:0}@media (max-width:991.98px){#gspb_image-id-gsbp-cbf891e{text-align:center}}#gspb_image-id-gsbp-cbf891e img{vertical-align:top;display:inline-block;box-sizing:border-box;max-width:100%;height:auto;border-top-left-radius:20%;border-top-right-radius:20%;border-bottom-right-radius:20%;border-bottom-left-radius:20%}#gspb_image-id-gsbp-cbf891e{margin-top:0}@media (max-width:991.98px){#gspb_image-id-gsbp-cbf891e img{width:50%}}@media (max-width:575.98px){#gspb_image-id-gsbp-cbf891e img{width:75%}}@media (max-width:991.98px){#gspb_image-id-gsbp-cbf891e,#gspb_image-id-gsbp-cbf891e img{height:auto}}@media (max-width:767.98px){#gspb_image-id-gsbp-cbf891e,#gspb_image-id-gsbp-cbf891e img{height:auto}}@media (max-width:575.98px){#gspb_image-id-gsbp-cbf891e,#gspb_image-id-gsbp-cbf891e img{height:auto}}.gspb_container-id-gsbp-9e29c38{flex-direction:column;box-sizing:border-box}#gspb_container-id-gsbp-9e29c38.gspb_container{position:relative}#gspb_container-id-gsbp-9e29c38.gspb_container .gspb-containerlink{position:absolute;top:0;left:0;right:0;bottom:0;z-index:1}#gspb_row-id-gsbp-490db93{justify-content:space-between;margin-top:0;margin-bottom:0;display:flex;flex-wrap:wrap;padding:40px}#gspb_row-id-gsbp-490db93>.gspb_row__content{display:flex;justify-content:space-between;margin:0 auto;width:100%;flex-wrap:wrap}@media (max-width:991.98px){#gspb_row-id-gsbp-490db93>.gspb_row__content{row-gap:40px}}@media (max-width:575.98px){#gspb_row-id-gsbp-490db93>.gspb_row__content{row-gap:30px}}body.gspb-bodyfront #gspb_row-id-gsbp-490db93>.gspb_row__content{width:var(--theme-container-width, 1200px);max-width:var(--theme-normal-container-max-width, 1200px)}@media (max-width:991.98px){#gspb_row-id-gsbp-490db93{padding:50px}}@media (max-width:575.98px){#gspb_row-id-gsbp-490db93{padding:50px 35px}}#gspb_row-id-gsbp-490db93{background-color:var(--wp--preset--color--palette-color-1, var(--theme-palette-color-1, #274C4F))}#gspb_row-id-gsbp-490db93,#gspb_row-id-gsbp-490db93>.gspb_backgroundOverlay{border-top-left-radius:40px;border-top-right-radius:40px;border-bottom-right-radius:40px;border-bottom-left-radius:40px}body.gspb-bodyfront #gspb_row-id-gsbp-490db93{z-index:3}#gspb_col-id-gsbp-aaae899.gspb_row__col--6{width:calc(50% - 50px)}@media (max-width:991.98px){#gspb_col-id-gsbp-aaae899.gspb_row__col--6{width:100%}}@media (max-width:767.98px){#gspb_col-id-gsbp-aaae899.gspb_row__col--6{width:calc(100% - 50px)}}@media (max-width:575.98px){#gspb_col-id-gsbp-aaae899.gspb_row__col--6{width:100%}}@media (min-width:992px){body.gspb-bodyfront #gspb_col-id-gsbp-aaae899.gspb_row__col--6{width:calc(55% - 0px - 50px)}}.gspb_row #gspb_col-id-gsbp-aaae899.gspb_row__col--6{padding:0}body #gspb_col-id-gsbp-aaae899.gspb_row__col--6{display:flex;flex-direction:column;justify-content:center}.gspb_text-id-gsbp-27989d5{font-size:24px}@media (max-width:575.98px){.gspb_text-id-gsbp-27989d5,.gspb_text-id-gsbp-27989d5 .gsap-g-line{text-align:center!important}}.gspb_text-id-gsbp-27989d5{font-weight:800!important;color:var(--wp--preset--color--palette-color-8, var(--theme-palette-color-8, #ffffff));margin-bottom:10px!important}@media (max-width:991.98px){.gspb_text-id-gsbp-44d8d24,.gspb_text-id-gsbp-44d8d24 .gsap-g-line{text-align:center!important}}@media (max-width:575.98px){.gspb_text-id-gsbp-44d8d24,.gspb_text-id-gsbp-44d8d24 .gsap-g-line{text-align:center!important}}.gspb_text-id-gsbp-44d8d24{color:#ffffffc4;margin-bottom:30px!important}#gspb_button-id-gsbp-e8e2667{display:flex;justify-content:flex-start}#gspb_button-id-gsbp-e8e2667 .gspb-buttonbox-text{display:flex;flex-direction:column}#gspb_button-id-gsbp-e8e2667>.gspb-buttonbox{box-sizing:border-box}#gspb_button-id-gsbp-e8e2667>.gspb-buttonbox .gspb-buttonbox-icon svg{height:13px!important;width:13px!important;min-width:13px!important}@media (max-width:575.98px){#gspb_button-id-gsbp-e8e2667>.gspb-buttonbox .gspb-buttonbox-icon svg{height:10px!important;width:10px!important;min-width:10px!important}}#gspb_button-id-gsbp-e8e2667>.gspb-buttonbox .gspb-buttonbox-icon svg,#gspb_button-id-gsbp-e8e2667>.gspb-buttonbox .gspb-buttonbox-icon svg path{fill:currentColor!important}#gspb_button-id-gsbp-e8e2667>.gspb-buttonbox .gspb-buttonbox-icon svg{margin:0!important}#gspb_button-id-gsbp-e8e2667>.gspb-buttonbox>.gspb-buttonbox-textwrap{display:flex;flex-direction:row;align-items:center}#gspb_button-id-gsbp-e8e2667 .gspb-buttonbox-icon{margin-left:13px}@media (max-width:991.98px){#gspb_button-id-gsbp-e8e2667{justify-content:center}}#gspb_button-id-gsbp-e8e2667>.gspb-buttonbox{margin-bottom:0;background-color:var(--wp--preset--color--palette-color-8, var(--theme-palette-color-8, #ffffff));color:var(--wp--preset--color--palette-color-2, var(--theme-palette-color-2, #24417C))}#gspb_button-id-gsbp-e8e2667>.gspb-buttonbox:hover{background-color:var(--wp--preset--color--palette-color-6, var(--theme-palette-color-6, #EEF4F5))!important}#gspb_col-id-gsbp-b75cd5a.gspb_row__col--6{width:calc(50% - 50px)}@media (max-width:991.98px){#gspb_col-id-gsbp-b75cd5a.gspb_row__col--6{width:100%}}@media (max-width:767.98px){#gspb_col-id-gsbp-b75cd5a.gspb_row__col--6{width:calc(100% - 50px)}}@media (max-width:575.98px){#gspb_col-id-gsbp-b75cd5a.gspb_row__col--6{width:100%}}@media (min-width:992px){body.gspb-bodyfront #gspb_col-id-gsbp-b75cd5a.gspb_row__col--6{width:calc(45% - 0px - 50px)}}@media (max-width:991.98px){#gspb_col-id-gsbp-b75cd5a.gspb_row__col--6{order:-1}}.gspb_row #gspb_col-id-gsbp-b75cd5a.gspb_row__col--6{padding:0}@media (max-width:991.98px){#gspb_image-id-gsbp-85568f5{text-align:center}}#gspb_image-id-gsbp-85568f5 img{vertical-align:top;display:inline-block;box-sizing:border-box;max-width:100%;height:auto;border-top-left-radius:20%;border-top-right-radius:20%;border-bottom-right-radius:20%;border-bottom-left-radius:20%}#gspb_image-id-gsbp-85568f5{margin-top:0}@media (max-width:991.98px){#gspb_image-id-gsbp-85568f5 img{width:50%}}@media (max-width:575.98px){#gspb_image-id-gsbp-85568f5 img{width:75%}}@media (max-width:991.98px){#gspb_image-id-gsbp-85568f5,#gspb_image-id-gsbp-85568f5 img{height:auto}}@media (max-width:767.98px){#gspb_image-id-gsbp-85568f5,#gspb_image-id-gsbp-85568f5 img{height:auto}}@media (max-width:575.98px){#gspb_image-id-gsbp-85568f5,#gspb_image-id-gsbp-85568f5 img{height:auto}}.gspb_container-id-gsbp-729d340{flex-direction:column;box-sizing:border-box}#gspb_container-id-gsbp-729d340.gspb_container{position:relative}#gspb_container-id-gsbp-729d340.gspb_container .gspb-containerlink{position:absolute;top:0;left:0;right:0;bottom:0;z-index:1}#gspb_row-id-gsbp-7aca788{justify-content:space-between;margin-top:0;margin-bottom:0;display:flex;flex-wrap:wrap;padding:40px}#gspb_row-id-gsbp-7aca788>.gspb_row__content{display:flex;justify-content:space-between;margin:0 auto;width:100%;flex-wrap:wrap}@media (max-width:991.98px){#gspb_row-id-gsbp-7aca788>.gspb_row__content{row-gap:40px}}@media (max-width:575.98px){#gspb_row-id-gsbp-7aca788>.gspb_row__content{row-gap:30px}}body.gspb-bodyfront #gspb_row-id-gsbp-7aca788>.gspb_row__content{width:var(--theme-container-width, 1200px);max-width:var(--theme-normal-container-max-width, 1200px)}@media (max-width:991.98px){#gspb_row-id-gsbp-7aca788{padding:50px}}@media (max-width:575.98px){#gspb_row-id-gsbp-7aca788{padding:50px 35px}}#gspb_row-id-gsbp-7aca788{background-color:var(--wp--preset--color--palette-color-1, var(--theme-palette-color-1, #274C4F))}#gspb_row-id-gsbp-7aca788,#gspb_row-id-gsbp-7aca788>.gspb_backgroundOverlay{border-top-left-radius:40px;border-top-right-radius:40px;border-bottom-right-radius:40px;border-bottom-left-radius:40px}body.gspb-bodyfront #gspb_row-id-gsbp-7aca788{z-index:3}#gspb_col-id-gsbp-1397e7d.gspb_row__col--6{width:calc(50% - 50px)}@media (max-width:991.98px){#gspb_col-id-gsbp-1397e7d.gspb_row__col--6{width:100%}}@media (max-width:767.98px){#gspb_col-id-gsbp-1397e7d.gspb_row__col--6{width:calc(100% - 50px)}}@media (max-width:575.98px){#gspb_col-id-gsbp-1397e7d.gspb_row__col--6{width:100%}}@media (min-width:992px){body.gspb-bodyfront #gspb_col-id-gsbp-1397e7d.gspb_row__col--6{width:calc(55% - 0px - 50px)}}.gspb_row #gspb_col-id-gsbp-1397e7d.gspb_row__col--6{padding:0}body #gspb_col-id-gsbp-1397e7d.gspb_row__col--6{display:flex;flex-direction:column;justify-content:center}.gspb_text-id-gsbp-179c696{font-size:24px}@media (max-width:575.98px){.gspb_text-id-gsbp-179c696,.gspb_text-id-gsbp-179c696 .gsap-g-line{text-align:center!important}}.gspb_text-id-gsbp-179c696{font-weight:800!important;color:var(--wp--preset--color--palette-color-8, var(--theme-palette-color-8, #ffffff));margin-bottom:10px!important}@media (max-width:991.98px){.gspb_text-id-gsbp-aacfab4,.gspb_text-id-gsbp-aacfab4 .gsap-g-line{text-align:center!important}}@media (max-width:575.98px){.gspb_text-id-gsbp-aacfab4,.gspb_text-id-gsbp-aacfab4 .gsap-g-line{text-align:center!important}}.gspb_text-id-gsbp-aacfab4{color:#ffffffc4;margin-bottom:30px!important}#gspb_button-id-gsbp-37fdd01{display:flex;justify-content:flex-start}#gspb_button-id-gsbp-37fdd01 .gspb-buttonbox-text{display:flex;flex-direction:column}#gspb_button-id-gsbp-37fdd01>.gspb-buttonbox{box-sizing:border-box}#gspb_button-id-gsbp-37fdd01>.gspb-buttonbox .gspb-buttonbox-icon svg{height:13px!important;width:13px!important;min-width:13px!important}@media (max-width:575.98px){#gspb_button-id-gsbp-37fdd01>.gspb-buttonbox .gspb-buttonbox-icon svg{height:10px!important;width:10px!important;min-width:10px!important}}#gspb_button-id-gsbp-37fdd01>.gspb-buttonbox .gspb-buttonbox-icon svg,#gspb_button-id-gsbp-37fdd01>.gspb-buttonbox .gspb-buttonbox-icon svg path{fill:currentColor!important}#gspb_button-id-gsbp-37fdd01>.gspb-buttonbox .gspb-buttonbox-icon svg{margin:0!important}#gspb_button-id-gsbp-37fdd01>.gspb-buttonbox>.gspb-buttonbox-textwrap{display:flex;flex-direction:row;align-items:center}#gspb_button-id-gsbp-37fdd01 .gspb-buttonbox-icon{margin-left:13px}@media (max-width:991.98px){#gspb_button-id-gsbp-37fdd01{justify-content:center}}#gspb_button-id-gsbp-37fdd01>.gspb-buttonbox{margin-bottom:0;background-color:var(--wp--preset--color--palette-color-8, var(--theme-palette-color-8, #ffffff));color:var(--wp--preset--color--palette-color-2, var(--theme-palette-color-2, #24417C))}#gspb_button-id-gsbp-37fdd01>.gspb-buttonbox:hover{background-color:var(--wp--preset--color--palette-color-6, var(--theme-palette-color-6, #EEF4F5))!important}#gspb_col-id-gsbp-e1c3c0e.gspb_row__col--6{width:calc(50% - 50px)}@media (max-width:991.98px){#gspb_col-id-gsbp-e1c3c0e.gspb_row__col--6{width:100%}}@media (max-width:767.98px){#gspb_col-id-gsbp-e1c3c0e.gspb_row__col--6{width:calc(100% - 50px)}}@media (max-width:575.98px){#gspb_col-id-gsbp-e1c3c0e.gspb_row__col--6{width:100%}}@media (min-width:992px){body.gspb-bodyfront #gspb_col-id-gsbp-e1c3c0e.gspb_row__col--6{width:calc(45% - 0px - 50px)}}@media (max-width:991.98px){#gspb_col-id-gsbp-e1c3c0e.gspb_row__col--6{order:-1}}.gspb_row #gspb_col-id-gsbp-e1c3c0e.gspb_row__col--6{padding:0}@media (max-width:991.98px){#gspb_image-id-gsbp-33ba456{text-align:center}}#gspb_image-id-gsbp-33ba456 img{vertical-align:top;display:inline-block;box-sizing:border-box;max-width:100%;height:auto;border-top-left-radius:20%;border-top-right-radius:20%;border-bottom-right-radius:20%;border-bottom-left-radius:20%}#gspb_image-id-gsbp-33ba456{margin-top:0}@media (max-width:991.98px){#gspb_image-id-gsbp-33ba456 img{width:50%}}@media (max-width:575.98px){#gspb_image-id-gsbp-33ba456 img{width:75%}}@media (max-width:991.98px){#gspb_image-id-gsbp-33ba456,#gspb_image-id-gsbp-33ba456 img{height:auto}}@media (max-width:767.98px){#gspb_image-id-gsbp-33ba456,#gspb_image-id-gsbp-33ba456 img{height:auto}}@media (max-width:575.98px){#gspb_image-id-gsbp-33ba456,#gspb_image-id-gsbp-33ba456 img{height:auto}}.gspb_container-id-gsbp-bf98bd1{flex-direction:column;box-sizing:border-box}#gspb_container-id-gsbp-bf98bd1.gspb_container{position:relative}#gspb_container-id-gsbp-bf98bd1.gspb_container .gspb-containerlink{position:absolute;top:0;left:0;right:0;bottom:0;z-index:1}#gspb_row-id-gsbp-828175b{justify-content:space-between;margin-top:0;margin-bottom:0;display:flex;flex-wrap:wrap;padding:40px}#gspb_row-id-gsbp-828175b>.gspb_row__content{display:flex;justify-content:space-between;margin:0 auto;width:100%;flex-wrap:wrap}@media (max-width:991.98px){#gspb_row-id-gsbp-828175b>.gspb_row__content{row-gap:40px}}@media (max-width:575.98px){#gspb_row-id-gsbp-828175b>.gspb_row__content{row-gap:30px}}body.gspb-bodyfront #gspb_row-id-gsbp-828175b>.gspb_row__content{width:var(--theme-container-width, 1200px);max-width:var(--theme-normal-container-max-width, 1200px)}@media (max-width:991.98px){#gspb_row-id-gsbp-828175b{padding:50px}}@media (max-width:575.98px){#gspb_row-id-gsbp-828175b{padding:50px 35px}}#gspb_row-id-gsbp-828175b{background-color:var(--wp--preset--color--palette-color-1, var(--theme-palette-color-1, #274C4F))}#gspb_row-id-gsbp-828175b,#gspb_row-id-gsbp-828175b>.gspb_backgroundOverlay{border-top-left-radius:40px;border-top-right-radius:40px;border-bottom-right-radius:40px;border-bottom-left-radius:40px}body.gspb-bodyfront #gspb_row-id-gsbp-828175b{z-index:3}#gspb_col-id-gsbp-6cd4027.gspb_row__col--6{width:calc(50% - 50px)}@media (max-width:991.98px){#gspb_col-id-gsbp-6cd4027.gspb_row__col--6{width:100%}}@media (max-width:767.98px){#gspb_col-id-gsbp-6cd4027.gspb_row__col--6{width:calc(100% - 50px)}}@media (max-width:575.98px){#gspb_col-id-gsbp-6cd4027.gspb_row__col--6{width:100%}}@media (min-width:992px){body.gspb-bodyfront #gspb_col-id-gsbp-6cd4027.gspb_row__col--6{width:calc(55% - 0px - 50px)}}.gspb_row #gspb_col-id-gsbp-6cd4027.gspb_row__col--6{padding:0}body #gspb_col-id-gsbp-6cd4027.gspb_row__col--6{display:flex;flex-direction:column;justify-content:center}.gspb_text-id-gsbp-59d5c80{font-size:24px}@media (max-width:575.98px){.gspb_text-id-gsbp-59d5c80,.gspb_text-id-gsbp-59d5c80 .gsap-g-line{text-align:center!important}}.gspb_text-id-gsbp-59d5c80{font-weight:800!important;color:var(--wp--preset--color--palette-color-8, var(--theme-palette-color-8, #ffffff));margin-bottom:10px!important}@media (max-width:991.98px){.gspb_text-id-gsbp-21deaca,.gspb_text-id-gsbp-21deaca .gsap-g-line{text-align:center!important}}@media (max-width:575.98px){.gspb_text-id-gsbp-21deaca,.gspb_text-id-gsbp-21deaca .gsap-g-line{text-align:center!important}}.gspb_text-id-gsbp-21deaca{color:#ffffffc4;margin-bottom:30px!important}#gspb_button-id-gsbp-af5a192{display:flex;justify-content:flex-start}#gspb_button-id-gsbp-af5a192 .gspb-buttonbox-text{display:flex;flex-direction:column}#gspb_button-id-gsbp-af5a192>.gspb-buttonbox{box-sizing:border-box}#gspb_button-id-gsbp-af5a192>.gspb-buttonbox .gspb-buttonbox-icon svg{height:13px!important;width:13px!important;min-width:13px!important}@media (max-width:575.98px){#gspb_button-id-gsbp-af5a192>.gspb-buttonbox .gspb-buttonbox-icon svg{height:10px!important;width:10px!important;min-width:10px!important}}#gspb_button-id-gsbp-af5a192>.gspb-buttonbox .gspb-buttonbox-icon svg,#gspb_button-id-gsbp-af5a192>.gspb-buttonbox .gspb-buttonbox-icon svg path{fill:currentColor!important}#gspb_button-id-gsbp-af5a192>.gspb-buttonbox .gspb-buttonbox-icon svg{margin:0!important}#gspb_button-id-gsbp-af5a192>.gspb-buttonbox>.gspb-buttonbox-textwrap{display:flex;flex-direction:row;align-items:center}#gspb_button-id-gsbp-af5a192 .gspb-buttonbox-icon{margin-left:13px}@media (max-width:991.98px){#gspb_button-id-gsbp-af5a192{justify-content:center}}#gspb_button-id-gsbp-af5a192>.gspb-buttonbox{margin-bottom:0;background-color:var(--wp--preset--color--palette-color-8, var(--theme-palette-color-8, #ffffff));color:var(--wp--preset--color--palette-color-2, var(--theme-palette-color-2, #24417C))}#gspb_button-id-gsbp-af5a192>.gspb-buttonbox:hover{background-color:var(--wp--preset--color--palette-color-6, var(--theme-palette-color-6, #EEF4F5))!important}#gspb_col-id-gsbp-3a421a0.gspb_row__col--6{width:calc(50% - 50px)}@media (max-width:991.98px){#gspb_col-id-gsbp-3a421a0.gspb_row__col--6{width:100%}}@media (max-width:767.98px){#gspb_col-id-gsbp-3a421a0.gspb_row__col--6{width:calc(100% - 50px)}}@media (max-width:575.98px){#gspb_col-id-gsbp-3a421a0.gspb_row__col--6{width:100%}}@media (min-width:992px){body.gspb-bodyfront #gspb_col-id-gsbp-3a421a0.gspb_row__col--6{width:calc(45% - 0px - 50px)}}@media (max-width:991.98px){#gspb_col-id-gsbp-3a421a0.gspb_row__col--6{order:-1}}.gspb_row #gspb_col-id-gsbp-3a421a0.gspb_row__col--6{padding:0}@media (max-width:991.98px){#gspb_image-id-gsbp-fcc65a5{text-align:center}}#gspb_image-id-gsbp-fcc65a5 img{vertical-align:top;display:inline-block;box-sizing:border-box;max-width:100%;height:auto;border-top-left-radius:20%;border-top-right-radius:20%;border-bottom-right-radius:20%;border-bottom-left-radius:20%}#gspb_image-id-gsbp-fcc65a5{margin-top:0}@media (max-width:991.98px){#gspb_image-id-gsbp-fcc65a5 img{width:50%}}@media (max-width:575.98px){#gspb_image-id-gsbp-fcc65a5 img{width:75%}}@media (max-width:991.98px){#gspb_image-id-gsbp-fcc65a5,#gspb_image-id-gsbp-fcc65a5 img{height:auto}}@media (max-width:767.98px){#gspb_image-id-gsbp-fcc65a5,#gspb_image-id-gsbp-fcc65a5 img{height:auto}}@media (max-width:575.98px){#gspb_image-id-gsbp-fcc65a5,#gspb_image-id-gsbp-fcc65a5 img{height:auto}}.gspb_container-id-gsbp-8a17c21{flex-direction:column;box-sizing:border-box}#gspb_container-id-gsbp-8a17c21.gspb_container,.gspb_row{position:relative}#gspb_container-id-gsbp-8a17c21.gspb_container .gspb-containerlink{position:absolute;top:0;left:0;right:0;bottom:0;z-index:1}#gspb_row-id-gsbp-c51ea7a{justify-content:space-between;margin-top:0;margin-bottom:0;display:flex;flex-wrap:wrap;padding:40px}#gspb_row-id-gsbp-c51ea7a>.gspb_row__content{display:flex;justify-content:space-between;margin:0 auto;width:100%;flex-wrap:wrap}@media (max-width:991.98px){#gspb_row-id-gsbp-c51ea7a>.gspb_row__content{row-gap:40px}}@media (max-width:575.98px){#gspb_row-id-gsbp-c51ea7a>.gspb_row__content{row-gap:30px}}body.gspb-bodyfront #gspb_row-id-gsbp-c51ea7a>.gspb_row__content{width:var(--theme-container-width, 1200px);max-width:var(--theme-normal-container-max-width, 1200px)}@media (max-width:991.98px){#gspb_row-id-gsbp-c51ea7a{padding:50px}}@media (max-width:575.98px){#gspb_row-id-gsbp-c51ea7a{padding:50px 35px}}#gspb_row-id-gsbp-c51ea7a{background-color:var(--wp--preset--color--palette-color-1, var(--theme-palette-color-1, #274C4F))}#gspb_row-id-gsbp-c51ea7a,#gspb_row-id-gsbp-c51ea7a>.gspb_backgroundOverlay{border-top-left-radius:40px;border-top-right-radius:40px;border-bottom-right-radius:40px;border-bottom-left-radius:40px}body.gspb-bodyfront #gspb_row-id-gsbp-c51ea7a{z-index:3}#gspb_col-id-gsbp-c82dae9.gspb_row__col--6{width:calc(50% - 50px)}@media (max-width:991.98px){#gspb_col-id-gsbp-c82dae9.gspb_row__col--6{width:100%}}@media (max-width:767.98px){#gspb_col-id-gsbp-c82dae9.gspb_row__col--6{width:calc(100% - 50px)}}@media (max-width:575.98px){#gspb_col-id-gsbp-c82dae9.gspb_row__col--6{width:100%}}@media (min-width:992px){body.gspb-bodyfront #gspb_col-id-gsbp-c82dae9.gspb_row__col--6{width:calc(55% - 0px - 50px)}}.gspb_row #gspb_col-id-gsbp-c82dae9.gspb_row__col--6{padding:0}body #gspb_col-id-gsbp-c82dae9.gspb_row__col--6{display:flex;flex-direction:column;justify-content:center}.gspb_text-id-gsbp-80ffdf7{font-size:24px}@media (max-width:575.98px){.gspb_text-id-gsbp-80ffdf7,.gspb_text-id-gsbp-80ffdf7 .gsap-g-line{text-align:center!important}}.gspb_text-id-gsbp-80ffdf7{font-weight:800!important;color:var(--wp--preset--color--palette-color-8, var(--theme-palette-color-8, #ffffff));margin-bottom:10px!important}@media (max-width:991.98px){.gspb_text-id-gsbp-33832b3,.gspb_text-id-gsbp-33832b3 .gsap-g-line{text-align:center!important}}@media (max-width:575.98px){.gspb_text-id-gsbp-33832b3,.gspb_text-id-gsbp-33832b3 .gsap-g-line{text-align:center!important}}.gspb_text-id-gsbp-33832b3{color:#ffffffc4;margin-bottom:30px!important}#gspb_button-id-gsbp-9226f97{display:flex;justify-content:flex-start}#gspb_button-id-gsbp-9226f97 .gspb-buttonbox-text{display:flex;flex-direction:column}#gspb_button-id-gsbp-9226f97>.gspb-buttonbox{box-sizing:border-box}#gspb_button-id-gsbp-9226f97>.gspb-buttonbox .gspb-buttonbox-icon svg{height:13px!important;width:13px!important;min-width:13px!important}@media (max-width:575.98px){#gspb_button-id-gsbp-9226f97>.gspb-buttonbox .gspb-buttonbox-icon svg{height:10px!important;width:10px!important;min-width:10px!important}}#gspb_button-id-gsbp-9226f97>.gspb-buttonbox .gspb-buttonbox-icon svg,#gspb_button-id-gsbp-9226f97>.gspb-buttonbox .gspb-buttonbox-icon svg path{fill:currentColor!important}#gspb_button-id-gsbp-9226f97>.gspb-buttonbox .gspb-buttonbox-icon svg{margin:0!important}#gspb_button-id-gsbp-9226f97>.gspb-buttonbox>.gspb-buttonbox-textwrap{display:flex;flex-direction:row;align-items:center}#gspb_button-id-gsbp-9226f97 .gspb-buttonbox-icon{margin-left:13px}@media (max-width:991.98px){#gspb_button-id-gsbp-9226f97{justify-content:center}}#gspb_button-id-gsbp-9226f97>.gspb-buttonbox{margin-bottom:0;background-color:var(--wp--preset--color--palette-color-8, var(--theme-palette-color-8, #ffffff));color:var(--wp--preset--color--palette-color-2, var(--theme-palette-color-2, #24417C))}#gspb_button-id-gsbp-9226f97>.gspb-buttonbox:hover{background-color:var(--wp--preset--color--palette-color-6, var(--theme-palette-color-6, #EEF4F5))!important}#gspb_col-id-gsbp-d6a3659.gspb_row__col--6{width:calc(50% - 50px)}@media (max-width:991.98px){#gspb_col-id-gsbp-d6a3659.gspb_row__col--6{width:100%}}@media (max-width:767.98px){#gspb_col-id-gsbp-d6a3659.gspb_row__col--6{width:calc(100% - 50px)}}@media (max-width:575.98px){#gspb_col-id-gsbp-d6a3659.gspb_row__col--6{width:100%}}@media (min-width:992px){body.gspb-bodyfront #gspb_col-id-gsbp-d6a3659.gspb_row__col--6{width:calc(45% - 0px - 50px)}}@media (max-width:991.98px){#gspb_col-id-gsbp-d6a3659.gspb_row__col--6{order:-1}}.gspb_row #gspb_col-id-gsbp-d6a3659.gspb_row__col--6{padding:0}@media (max-width:991.98px){#gspb_image-id-gsbp-ae2a2ef{text-align:center}}#gspb_image-id-gsbp-ae2a2ef img{vertical-align:top;display:inline-block;box-sizing:border-box;max-width:100%;height:auto;border-top-left-radius:20%;border-top-right-radius:20%;border-bottom-right-radius:20%;border-bottom-left-radius:20%}#gspb_image-id-gsbp-ae2a2ef{margin-top:0}@media (max-width:991.98px){#gspb_image-id-gsbp-ae2a2ef img{width:50%}}@media (max-width:575.98px){#gspb_image-id-gsbp-ae2a2ef img{width:75%}}@media (max-width:991.98px){#gspb_image-id-gsbp-ae2a2ef,#gspb_image-id-gsbp-ae2a2ef img{height:auto}}@media (max-width:767.98px){#gspb_image-id-gsbp-ae2a2ef,#gspb_image-id-gsbp-ae2a2ef img{height:auto}}@media (max-width:575.98px){#gspb_image-id-gsbp-ae2a2ef,#gspb_image-id-gsbp-ae2a2ef img{height:auto}}","iawp_total_views":885,"footnotes":""},"categories":[81],"tags":[],"class_list":["post-2701","post","type-post","status-publish","format-standard","has-post-thumbnail","hentry","category-history-of-flags"],"blocksy_meta":[],"_links":{"self":[{"href":"https:\/\/cosmoflag.com\/pl\/wp-json\/wp\/v2\/posts\/2701","targetHints":{"allow":["GET"]}}],"collection":[{"href":"https:\/\/cosmoflag.com\/pl\/wp-json\/wp\/v2\/posts"}],"about":[{"href":"https:\/\/cosmoflag.com\/pl\/wp-json\/wp\/v2\/types\/post"}],"author":[{"embeddable":true,"href":"https:\/\/cosmoflag.com\/pl\/wp-json\/wp\/v2\/users\/1"}],"replies":[{"embeddable":true,"href":"https:\/\/cosmoflag.com\/pl\/wp-json\/wp\/v2\/comments?post=2701"}],"version-history":[{"count":0,"href":"https:\/\/cosmoflag.com\/pl\/wp-json\/wp\/v2\/posts\/2701\/revisions"}],"wp:featuredmedia":[{"embeddable":true,"href":"https:\/\/cosmoflag.com\/pl\/wp-json\/wp\/v2\/media\/2973"}],"wp:attachment":[{"href":"https:\/\/cosmoflag.com\/pl\/wp-json\/wp\/v2\/media?parent=2701"}],"wp:term":[{"taxonomy":"category","embeddable":true,"href":"https:\/\/cosmoflag.com\/pl\/wp-json\/wp\/v2\/categories?post=2701"},{"taxonomy":"post_tag","embeddable":true,"href":"https:\/\/cosmoflag.com\/pl\/wp-json\/wp\/v2\/tags?post=2701"}],"curies":[{"name":"wp","href":"https:\/\/api.w.org\/{rel}","templated":true}]}}